{"id":123942,"date":"2023-11-15T08:10:20","date_gmt":"2023-11-15T11:10:20","guid":{"rendered":"https:\/\/eldiariodesanpedro.com.ar\/sitio\/?p=123942"},"modified":"2023-11-15T08:10:21","modified_gmt":"2023-11-15T11:10:21","slug":"edicto-de-sucesion-de-fermin-gustavo-javier","status":"publish","type":"post","link":"https:\/\/eldiariodesanpedro.com.ar\/sitio\/edicto-de-sucesion-de-fermin-gustavo-javier\/","title":{"rendered":"Edicto de Sucesi\u00f3n de Fermin Gustavo Javier"},"content":{"rendered":"<!-- VideographyWP Plugin Message: Automatic video embedding prevented by plugin options. -->\n\n<p>El Juzgado en lo Civil y Comercial N\u00b0 6 del departamento Judicial de San Nicol\u00e1s, Secretar\u00eda \u00fanica, cita y emplaza por treinta d\u00edas a herederos y acreedores de <strong>Fermin Gustavo Javier<\/strong> \u201d.- San Nicol\u00e1s, 6 de Noviembre de 2023.<\/p>\n\n\n\n<p>HORNAZABAL JOSE ANTONIO<br>AUXILIAR LETRADO&nbsp;<\/p>\n\n\n\n<p>(Publicaci\u00f3n V\u00e1lida los d\u00edas 15, 16 y 17 de noviembre de 2023)<br><a href=\"https:\/\/notificaciones.scba.gov.ar\/verificarnotificacion.aspx?codNotif=HS291N\">https:\/\/notificaciones.scba.gov.ar\/verificarnotificacion.aspx?codNotif=HS291N<\/a><\/p>\n","protected":false},"excerpt":{"rendered":"<p>El Juzgado en lo Civil y Comercial N\u00b0 6 del departamento Judicial de San Nicol\u00e1s, Secretar\u00eda \u00fanica, cita y emplaza por treinta d\u00edas a herederos y acreedores de Fermin Gustavo Javier \u201d.- San Nicol\u00e1s, 6 de Noviembre de 2023. HORNAZABAL JOSE ANTONIOAUXILIAR LETRADO&nbsp; (Publicaci\u00f3n V\u00e1lida los d\u00edas 15, 16 y 17 de noviembre de 2023)https:\/\/notificaciones.scba.gov.ar\/verificarnotificacion.aspx?codNotif=HS291N<\/p>\n","protected":false},"author":4,"featured_media":102746,"comment_status":"closed","ping_status":"closed","sticky":false,"template":"","format":"standard","meta":{"om_disable_all_campaigns":false,"_jetpack_memberships_contains_paid_content":false,"footnotes":""},"categories":[676,677],"tags":[4597],"class_list":["post-123942","post","type-post","status-publish","format-standard","has-post-thumbnail","hentry","category-edictos","category-edictos-sucesorios","tag-edicto-de-sucesion-de-fermin-gustavo-javier"],"aioseo_notices":[],"gutentor_comment":0,"jetpack_featured_media_url":"https:\/\/eldiariodesanpedro.com.ar\/sitio\/wp-content\/uploads\/2022\/01\/EDICTO.jpg","jetpack_shortlink":"https:\/\/wp.me\/p6RhLt-wf4","jetpack_sharing_enabled":true,"_links":{"self":[{"href":"https:\/\/eldiariodesanpedro.com.ar\/sitio\/wp-json\/wp\/v2\/posts\/123942","targetHints":{"allow":["GET"]}}],"collection":[{"href":"https:\/\/eldiariodesanpedro.com.ar\/sitio\/wp-json\/wp\/v2\/posts"}],"about":[{"href":"https:\/\/eldiariodesanpedro.com.ar\/sitio\/wp-json\/wp\/v2\/types\/post"}],"author":[{"embeddable":true,"href":"https:\/\/eldiariodesanpedro.com.ar\/sitio\/wp-json\/wp\/v2\/users\/4"}],"replies":[{"embeddable":true,"href":"https:\/\/eldiariodesanpedro.com.ar\/sitio\/wp-json\/wp\/v2\/comments?post=123942"}],"version-history":[{"count":1,"href":"https:\/\/eldiariodesanpedro.com.ar\/sitio\/wp-json\/wp\/v2\/posts\/123942\/revisions"}],"predecessor-version":[{"id":123943,"href":"https:\/\/eldiariodesanpedro.com.ar\/sitio\/wp-json\/wp\/v2\/posts\/123942\/revisions\/123943"}],"wp:featuredmedia":[{"embeddable":true,"href":"https:\/\/eldiariodesanpedro.com.ar\/sitio\/wp-json\/wp\/v2\/media\/102746"}],"wp:attachment":[{"href":"https:\/\/eldiariodesanpedro.com.ar\/sitio\/wp-json\/wp\/v2\/media?parent=123942"}],"wp:term":[{"taxonomy":"category","embeddable":true,"href":"https:\/\/eldiariodesanpedro.com.ar\/sitio\/wp-json\/wp\/v2\/categories?post=123942"},{"taxonomy":"post_tag","embeddable":true,"href":"https:\/\/eldiariodesanpedro.com.ar\/sitio\/wp-json\/wp\/v2\/tags?post=123942"}],"curies":[{"name":"wp","href":"https:\/\/api.w.org\/{rel}","templated":true}]}}