{"id":123940,"date":"2023-11-15T07:57:22","date_gmt":"2023-11-15T10:57:22","guid":{"rendered":"https:\/\/eldiariodesanpedro.com.ar\/sitio\/?p=123940"},"modified":"2023-11-15T07:57:24","modified_gmt":"2023-11-15T10:57:24","slug":"edicto-de-sucesion-de-rodriguez-ruben-abel","status":"publish","type":"post","link":"https:\/\/eldiariodesanpedro.com.ar\/sitio\/edicto-de-sucesion-de-rodriguez-ruben-abel\/","title":{"rendered":"Edicto de Sucesi\u00f3n de Rodriguez Ruben Abel"},"content":{"rendered":"<!-- VideographyWP Plugin Message: Automatic video embedding prevented by plugin options. -->\n\n<p>Juzgado en lo Civil y Comercial N\u00b0 2 del Departamento Judicial de San Nicol\u00e1s, cita y emplaza por treinta d\u00edas a herederos y acreedores de <strong>Rodriguez Ruben Abel<\/strong>\u201d.- San Nicolas, 3 de Noviembre de 2023.-<\/p>\n\n\n\n<p>MARCELO COLOMBO<br>AUXILIAR LETRADO\u00a0<\/p>\n\n\n\n<p>(Publicaci\u00f3n V\u00e1lida los d\u00edas 15, 16 y 17 de noviembre de 2023)<br><a href=\"https:\/\/notificaciones.scba.gov.ar\/verificarnotificacion.aspx?codNotif=NU36KQMR3E2D\">https:\/\/notificaciones.scba.gov.ar\/verificarnotificacion.aspx?codNotif=NU36KQMR3E2D<\/a><\/p>\n","protected":false},"excerpt":{"rendered":"<p>Juzgado en lo Civil y Comercial N\u00b0 2 del Departamento Judicial de San Nicol\u00e1s, cita y emplaza por treinta d\u00edas a herederos y acreedores de Rodriguez Ruben Abel\u201d.- San Nicolas, 3 de Noviembre de 2023.- MARCELO COLOMBOAUXILIAR LETRADO\u00a0 (Publicaci\u00f3n V\u00e1lida los d\u00edas 15, 16 y 17 de noviembre de 2023)https:\/\/notificaciones.scba.gov.ar\/verificarnotificacion.aspx?codNotif=NU36KQMR3E2D<\/p>\n","protected":false},"author":4,"featured_media":102746,"comment_status":"closed","ping_status":"closed","sticky":false,"template":"","format":"standard","meta":{"om_disable_all_campaigns":false,"_jetpack_memberships_contains_paid_content":false,"footnotes":""},"categories":[676,677],"tags":[4596],"class_list":["post-123940","post","type-post","status-publish","format-standard","has-post-thumbnail","hentry","category-edictos","category-edictos-sucesorios","tag-edicto-de-sucesion-de-rodriguez-ruben-abel"],"aioseo_notices":[],"gutentor_comment":0,"jetpack_featured_media_url":"https:\/\/eldiariodesanpedro.com.ar\/sitio\/wp-content\/uploads\/2022\/01\/EDICTO.jpg","jetpack_shortlink":"https:\/\/wp.me\/p6RhLt-wf2","jetpack_sharing_enabled":true,"_links":{"self":[{"href":"https:\/\/eldiariodesanpedro.com.ar\/sitio\/wp-json\/wp\/v2\/posts\/123940","targetHints":{"allow":["GET"]}}],"collection":[{"href":"https:\/\/eldiariodesanpedro.com.ar\/sitio\/wp-json\/wp\/v2\/posts"}],"about":[{"href":"https:\/\/eldiariodesanpedro.com.ar\/sitio\/wp-json\/wp\/v2\/types\/post"}],"author":[{"embeddable":true,"href":"https:\/\/eldiariodesanpedro.com.ar\/sitio\/wp-json\/wp\/v2\/users\/4"}],"replies":[{"embeddable":true,"href":"https:\/\/eldiariodesanpedro.com.ar\/sitio\/wp-json\/wp\/v2\/comments?post=123940"}],"version-history":[{"count":1,"href":"https:\/\/eldiariodesanpedro.com.ar\/sitio\/wp-json\/wp\/v2\/posts\/123940\/revisions"}],"predecessor-version":[{"id":123941,"href":"https:\/\/eldiariodesanpedro.com.ar\/sitio\/wp-json\/wp\/v2\/posts\/123940\/revisions\/123941"}],"wp:featuredmedia":[{"embeddable":true,"href":"https:\/\/eldiariodesanpedro.com.ar\/sitio\/wp-json\/wp\/v2\/media\/102746"}],"wp:attachment":[{"href":"https:\/\/eldiariodesanpedro.com.ar\/sitio\/wp-json\/wp\/v2\/media?parent=123940"}],"wp:term":[{"taxonomy":"category","embeddable":true,"href":"https:\/\/eldiariodesanpedro.com.ar\/sitio\/wp-json\/wp\/v2\/categories?post=123940"},{"taxonomy":"post_tag","embeddable":true,"href":"https:\/\/eldiariodesanpedro.com.ar\/sitio\/wp-json\/wp\/v2\/tags?post=123940"}],"curies":[{"name":"wp","href":"https:\/\/api.w.org\/{rel}","templated":true}]}}