{"id":123938,"date":"2023-11-14T23:25:10","date_gmt":"2023-11-15T02:25:10","guid":{"rendered":"https:\/\/eldiariodesanpedro.com.ar\/sitio\/?p=123938"},"modified":"2026-01-24T00:53:45","modified_gmt":"2026-01-24T03:53:45","slug":"fallecio-nelli-sara-mabel-de-84-anos","status":"publish","type":"post","link":"https:\/\/eldiariodesanpedro.com.ar\/sitio\/fallecio-nelli-sara-mabel-de-84-anos\/","title":{"rendered":"Falleci\u00f3 Nelli Sara Mabel de 84 a\u00f1os"},"content":{"rendered":"<!-- VideographyWP Plugin Message: Automatic video embedding prevented by plugin options. -->\n\n<p>Se informa el fallecimiento de Nelli Sara Mabel de 84 a\u00f1os, el velatoria se realizara en la sala velatoria N\u00ba 3.<br>El sepelio se llevara a cabo este 15 de noviembre a en hoario a definir y sus restos seran inhumados en el Cementerio Campana de Paz.<br>OBSERVACI\u00d3N: EL SERVICIO VELATORIO SE REALIZAR\u00c1 EL D\u00cdA DE LA FECHA (14\/11) DE 22:00 HORAS A 01:00 HORAS<\/p>\n","protected":false},"excerpt":{"rendered":"<p>Se informa el fallecimiento de Nelli Sara Mabel de 84 a\u00f1os, el velatoria se realizara en la sala velatoria N\u00ba 3.El sepelio se llevara a cabo este 15 de noviembre a en hoario a definir y sus restos seran inhumados en el Cementerio Campana de Paz.OBSERVACI\u00d3N: EL SERVICIO VELATORIO SE REALIZAR\u00c1 EL D\u00cdA DE LA [&hellip;]<\/p>\n","protected":false},"author":4,"featured_media":113757,"comment_status":"closed","ping_status":"closed","sticky":false,"template":"","format":"standard","meta":{"om_disable_all_campaigns":false,"_jetpack_memberships_contains_paid_content":false,"footnotes":""},"categories":[8424],"tags":[],"class_list":["post-123938","post","type-post","status-publish","format-standard","has-post-thumbnail","hentry","category-necrologicas"],"aioseo_notices":[],"gutentor_comment":0,"jetpack_featured_media_url":"https:\/\/eldiariodesanpedro.com.ar\/sitio\/wp-content\/uploads\/2023\/01\/necrologicas.jpg","jetpack_shortlink":"https:\/\/wp.me\/p6RhLt-wf0","jetpack_sharing_enabled":true,"_links":{"self":[{"href":"https:\/\/eldiariodesanpedro.com.ar\/sitio\/wp-json\/wp\/v2\/posts\/123938","targetHints":{"allow":["GET"]}}],"collection":[{"href":"https:\/\/eldiariodesanpedro.com.ar\/sitio\/wp-json\/wp\/v2\/posts"}],"about":[{"href":"https:\/\/eldiariodesanpedro.com.ar\/sitio\/wp-json\/wp\/v2\/types\/post"}],"author":[{"embeddable":true,"href":"https:\/\/eldiariodesanpedro.com.ar\/sitio\/wp-json\/wp\/v2\/users\/4"}],"replies":[{"embeddable":true,"href":"https:\/\/eldiariodesanpedro.com.ar\/sitio\/wp-json\/wp\/v2\/comments?post=123938"}],"version-history":[{"count":1,"href":"https:\/\/eldiariodesanpedro.com.ar\/sitio\/wp-json\/wp\/v2\/posts\/123938\/revisions"}],"predecessor-version":[{"id":123939,"href":"https:\/\/eldiariodesanpedro.com.ar\/sitio\/wp-json\/wp\/v2\/posts\/123938\/revisions\/123939"}],"wp:featuredmedia":[{"embeddable":true,"href":"https:\/\/eldiariodesanpedro.com.ar\/sitio\/wp-json\/wp\/v2\/media\/113757"}],"wp:attachment":[{"href":"https:\/\/eldiariodesanpedro.com.ar\/sitio\/wp-json\/wp\/v2\/media?parent=123938"}],"wp:term":[{"taxonomy":"category","embeddable":true,"href":"https:\/\/eldiariodesanpedro.com.ar\/sitio\/wp-json\/wp\/v2\/categories?post=123938"},{"taxonomy":"post_tag","embeddable":true,"href":"https:\/\/eldiariodesanpedro.com.ar\/sitio\/wp-json\/wp\/v2\/tags?post=123938"}],"curies":[{"name":"wp","href":"https:\/\/api.w.org\/{rel}","templated":true}]}}