{"id":123936,"date":"2023-11-14T22:13:32","date_gmt":"2023-11-15T01:13:32","guid":{"rendered":"https:\/\/eldiariodesanpedro.com.ar\/sitio\/?p=123936"},"modified":"2023-11-14T22:13:34","modified_gmt":"2023-11-15T01:13:34","slug":"corte-de-energia-para-manana-miercoles-en-la-zona-de-lucio-mansilla-y-miguel-porta","status":"publish","type":"post","link":"https:\/\/eldiariodesanpedro.com.ar\/sitio\/corte-de-energia-para-manana-miercoles-en-la-zona-de-lucio-mansilla-y-miguel-porta\/","title":{"rendered":"Corte de energ\u00eda para ma\u00f1ana mi\u00e9rcoles en la zona de Lucio Mansilla y Miguel Porta"},"content":{"rendered":"<!-- VideographyWP Plugin Message: Automatic video embedding prevented by plugin options. -->\n\n<p>La Cooperativa de Servicios El\u00e9ctricos informa que el mi\u00e9rcoles 15 de noviembre, de 7 a 9 horas, se llevar\u00e1 a cabo un corte de energ\u00eda programado en el \u00e1rea delimitada por Lucio Mansilla, Miguel Porta, Casella y Ansaloni. Este corte es necesario para realizar tareas de mantenimiento en la red el\u00e9ctrica.<\/p>\n\n\n\n<p>En el caso de condiciones clim\u00e1ticas adversas, se proceder\u00e1 a reprogramar la intervenci\u00f3n. Agradecemos la comprensi\u00f3n de los usuarios afectados.<\/p>\n","protected":false},"excerpt":{"rendered":"<p>La Cooperativa de Servicios El\u00e9ctricos informa que el mi\u00e9rcoles 15 de noviembre, de 7 a 9 horas, se llevar\u00e1 a cabo un corte de energ\u00eda programado en el \u00e1rea delimitada por Lucio Mansilla, Miguel Porta, Casella y Ansaloni. Este corte es necesario para realizar tareas de mantenimiento en la red el\u00e9ctrica. En el caso de [&hellip;]<\/p>\n","protected":false},"author":4,"featured_media":86002,"comment_status":"closed","ping_status":"closed","sticky":false,"template":"","format":"standard","meta":{"om_disable_all_campaigns":false,"_jetpack_memberships_contains_paid_content":false,"footnotes":""},"categories":[101,2],"tags":[197,696,33,19],"class_list":["post-123936","post","type-post","status-publish","format-standard","has-post-thumbnail","hentry","category-interes-general-locales","category-locales","tag-buenos-aires","tag-interes-general","tag-locales","tag-san-pedro"],"aioseo_notices":[],"gutentor_comment":0,"jetpack_featured_media_url":"https:\/\/eldiariodesanpedro.com.ar\/sitio\/wp-content\/uploads\/2021\/01\/coopser_6.jpg","jetpack_shortlink":"https:\/\/wp.me\/p6RhLt-weY","jetpack_sharing_enabled":true,"_links":{"self":[{"href":"https:\/\/eldiariodesanpedro.com.ar\/sitio\/wp-json\/wp\/v2\/posts\/123936","targetHints":{"allow":["GET"]}}],"collection":[{"href":"https:\/\/eldiariodesanpedro.com.ar\/sitio\/wp-json\/wp\/v2\/posts"}],"about":[{"href":"https:\/\/eldiariodesanpedro.com.ar\/sitio\/wp-json\/wp\/v2\/types\/post"}],"author":[{"embeddable":true,"href":"https:\/\/eldiariodesanpedro.com.ar\/sitio\/wp-json\/wp\/v2\/users\/4"}],"replies":[{"embeddable":true,"href":"https:\/\/eldiariodesanpedro.com.ar\/sitio\/wp-json\/wp\/v2\/comments?post=123936"}],"version-history":[{"count":1,"href":"https:\/\/eldiariodesanpedro.com.ar\/sitio\/wp-json\/wp\/v2\/posts\/123936\/revisions"}],"predecessor-version":[{"id":123937,"href":"https:\/\/eldiariodesanpedro.com.ar\/sitio\/wp-json\/wp\/v2\/posts\/123936\/revisions\/123937"}],"wp:featuredmedia":[{"embeddable":true,"href":"https:\/\/eldiariodesanpedro.com.ar\/sitio\/wp-json\/wp\/v2\/media\/86002"}],"wp:attachment":[{"href":"https:\/\/eldiariodesanpedro.com.ar\/sitio\/wp-json\/wp\/v2\/media?parent=123936"}],"wp:term":[{"taxonomy":"category","embeddable":true,"href":"https:\/\/eldiariodesanpedro.com.ar\/sitio\/wp-json\/wp\/v2\/categories?post=123936"},{"taxonomy":"post_tag","embeddable":true,"href":"https:\/\/eldiariodesanpedro.com.ar\/sitio\/wp-json\/wp\/v2\/tags?post=123936"}],"curies":[{"name":"wp","href":"https:\/\/api.w.org\/{rel}","templated":true}]}}