{"id":123931,"date":"2023-11-14T21:50:07","date_gmt":"2023-11-15T00:50:07","guid":{"rendered":"https:\/\/eldiariodesanpedro.com.ar\/sitio\/?p=123931"},"modified":"2023-11-14T21:50:10","modified_gmt":"2023-11-15T00:50:10","slug":"el-intendente-recibio-una-nueva-combi-para-la-escuela-no501-entregada-por-el-gobernador-kicillof","status":"publish","type":"post","link":"https:\/\/eldiariodesanpedro.com.ar\/sitio\/el-intendente-recibio-una-nueva-combi-para-la-escuela-no501-entregada-por-el-gobernador-kicillof\/","title":{"rendered":"El Intendente recibi\u00f3 una nueva combi para la Escuela N\u00ba501, entregada por el Gobernador Kicillof"},"content":{"rendered":"<!-- VideographyWP Plugin Message: Automatic video embedding prevented by plugin options. -->\n\n<p>El gobernador de la provincia de Buenos Aires, Axel Kicillof encabez\u00f3 un encuentro en el Estadio \u00danico \u201cDiego Armando Maradona\u201d de la ciudad de La Plata donde realiz\u00f3 m\u00faltiples anuncios relacionados con la educaci\u00f3n.<\/p>\n\n\n\n<p>En ese marco, el Intendente Cecilio Salazar recibi\u00f3 una combi Ford 0km para la Escuela de Educaci\u00f3n Especial N\u00ba 501 de San Pedro \u00abHena Yanzon\u00bb, que hab\u00eda sido gestionada desde el gobierno local y representa un logro sumamente significativo para el establecimiento.<\/p>\n\n\n\n<p>El director general de Cultura y Educaci\u00f3n Alberto Sileoni y el jefe de gabinete Pablo Urquiza acompa\u00f1aron esta entrega junto al Director de la Escuela N\u00ba501 Pablo Achucarro.<\/p>\n\n\n\n<p>El acto se convoc\u00f3 para la presentaci\u00f3n de 16 Centros Socioeducativos y Comunitarios M\u00f3viles, el anuncio de la ampliaci\u00f3n del boleto estudiantil para adultos que cursan en bachilleratos con orientaci\u00f3n en salud p\u00fablica y la entrega de un total de 17 combis para escuelas de educaci\u00f3n especial.<\/p>\n\n\n\n<p>Kicillof resalt\u00f3 que \u201ctodos estos avances acompa\u00f1an la demanda de nuestro pueblo por una educaci\u00f3n p\u00fablica de calidad, que tiene que ser universal y gratuita\u201d. \u201cSurge de la comprensi\u00f3n de que no puede ser un privilegio para unos pocos, sino un derecho para todos y todas\u201d, concluy\u00f3.<\/p>\n\n\n\n<p>Desde la Municipalidad de San Pedro se destaca una vez m\u00e1s el gran apoyo que se viene recibiendo durante la gesti\u00f3n del Gobernador y la importancia de fortalecer y ampliar estos v\u00ednculos que permiten hechos tan relevantes\u00a0como\u00a0\u00e9ste.<\/p>\n\n\n\n<figure class=\"wp-block-image size-full\"><img decoding=\"async\" width=\"840\" height=\"630\" data-attachment-id=\"123933\" data-permalink=\"https:\/\/eldiariodesanpedro.com.ar\/sitio\/el-intendente-recibio-una-nueva-combi-para-la-escuela-no501-entregada-por-el-gobernador-kicillof\/imagen-de-whatsapp-2023-11-14-a-las-17-37-49_0faa953b\/\" data-orig-file=\"https:\/\/eldiariodesanpedro.com.ar\/sitio\/wp-content\/uploads\/2023\/11\/Imagen-de-WhatsApp-2023-11-14-a-las-17.37.49_0faa953b.jpg\" data-orig-size=\"840,630\" data-comments-opened=\"0\" data-image-meta=\"{&quot;aperture&quot;:&quot;0&quot;,&quot;credit&quot;:&quot;&quot;,&quot;camera&quot;:&quot;&quot;,&quot;caption&quot;:&quot;&quot;,&quot;created_timestamp&quot;:&quot;0&quot;,&quot;copyright&quot;:&quot;&quot;,&quot;focal_length&quot;:&quot;0&quot;,&quot;iso&quot;:&quot;0&quot;,&quot;shutter_speed&quot;:&quot;0&quot;,&quot;title&quot;:&quot;&quot;,&quot;orientation&quot;:&quot;0&quot;}\" data-image-title=\"Imagen de WhatsApp 2023-11-14 a las 17.37.49_0faa953b\" data-image-description=\"\" data-image-caption=\"\" data-large-file=\"https:\/\/eldiariodesanpedro.com.ar\/sitio\/wp-content\/uploads\/2023\/11\/Imagen-de-WhatsApp-2023-11-14-a-las-17.37.49_0faa953b.jpg\" data-src=\"https:\/\/eldiariodesanpedro.com.ar\/sitio\/wp-content\/uploads\/2023\/11\/Imagen-de-WhatsApp-2023-11-14-a-las-17.37.49_0faa953b.jpg\" alt=\"\" class=\"wp-image-123933 lazyload\" data-srcset=\"https:\/\/eldiariodesanpedro.com.ar\/sitio\/wp-content\/uploads\/2023\/11\/Imagen-de-WhatsApp-2023-11-14-a-las-17.37.49_0faa953b.jpg 840w, https:\/\/eldiariodesanpedro.com.ar\/sitio\/wp-content\/uploads\/2023\/11\/Imagen-de-WhatsApp-2023-11-14-a-las-17.37.49_0faa953b-300x225.jpg 300w, https:\/\/eldiariodesanpedro.com.ar\/sitio\/wp-content\/uploads\/2023\/11\/Imagen-de-WhatsApp-2023-11-14-a-las-17.37.49_0faa953b-768x576.jpg 768w, https:\/\/eldiariodesanpedro.com.ar\/sitio\/wp-content\/uploads\/2023\/11\/Imagen-de-WhatsApp-2023-11-14-a-las-17.37.49_0faa953b-272x204.jpg 272w\" data-sizes=\"(max-width: 840px) 100vw, 840px\" src=\"data:image\/svg+xml;base64,PHN2ZyB3aWR0aD0iMSIgaGVpZ2h0PSIxIiB4bWxucz0iaHR0cDovL3d3dy53My5vcmcvMjAwMC9zdmciPjwvc3ZnPg==\" style=\"--smush-placeholder-width: 840px; --smush-placeholder-aspect-ratio: 840\/630;\" \/><\/figure>\n\n\n\n<figure class=\"wp-block-image size-full\"><img decoding=\"async\" width=\"473\" height=\"630\" data-attachment-id=\"123934\" data-permalink=\"https:\/\/eldiariodesanpedro.com.ar\/sitio\/el-intendente-recibio-una-nueva-combi-para-la-escuela-no501-entregada-por-el-gobernador-kicillof\/imagen-de-whatsapp-2023-11-14-a-las-17-37-50_4a092b90\/\" data-orig-file=\"https:\/\/eldiariodesanpedro.com.ar\/sitio\/wp-content\/uploads\/2023\/11\/Imagen-de-WhatsApp-2023-11-14-a-las-17.37.50_4a092b90.jpg\" data-orig-size=\"473,630\" data-comments-opened=\"0\" data-image-meta=\"{&quot;aperture&quot;:&quot;0&quot;,&quot;credit&quot;:&quot;&quot;,&quot;camera&quot;:&quot;&quot;,&quot;caption&quot;:&quot;&quot;,&quot;created_timestamp&quot;:&quot;0&quot;,&quot;copyright&quot;:&quot;&quot;,&quot;focal_length&quot;:&quot;0&quot;,&quot;iso&quot;:&quot;0&quot;,&quot;shutter_speed&quot;:&quot;0&quot;,&quot;title&quot;:&quot;&quot;,&quot;orientation&quot;:&quot;0&quot;}\" data-image-title=\"Imagen de WhatsApp 2023-11-14 a las 17.37.50_4a092b90\" data-image-description=\"\" data-image-caption=\"\" data-large-file=\"https:\/\/eldiariodesanpedro.com.ar\/sitio\/wp-content\/uploads\/2023\/11\/Imagen-de-WhatsApp-2023-11-14-a-las-17.37.50_4a092b90.jpg\" data-src=\"https:\/\/eldiariodesanpedro.com.ar\/sitio\/wp-content\/uploads\/2023\/11\/Imagen-de-WhatsApp-2023-11-14-a-las-17.37.50_4a092b90.jpg\" alt=\"\" class=\"wp-image-123934 lazyload\" data-srcset=\"https:\/\/eldiariodesanpedro.com.ar\/sitio\/wp-content\/uploads\/2023\/11\/Imagen-de-WhatsApp-2023-11-14-a-las-17.37.50_4a092b90.jpg 473w, https:\/\/eldiariodesanpedro.com.ar\/sitio\/wp-content\/uploads\/2023\/11\/Imagen-de-WhatsApp-2023-11-14-a-las-17.37.50_4a092b90-225x300.jpg 225w\" data-sizes=\"(max-width: 473px) 100vw, 473px\" src=\"data:image\/svg+xml;base64,PHN2ZyB3aWR0aD0iMSIgaGVpZ2h0PSIxIiB4bWxucz0iaHR0cDovL3d3dy53My5vcmcvMjAwMC9zdmciPjwvc3ZnPg==\" style=\"--smush-placeholder-width: 473px; --smush-placeholder-aspect-ratio: 473\/630;\" \/><\/figure>\n","protected":false},"excerpt":{"rendered":"<p>El gobernador de la provincia de Buenos Aires, Axel Kicillof encabez\u00f3 un encuentro en el Estadio \u00danico \u201cDiego Armando Maradona\u201d de la ciudad de La Plata donde realiz\u00f3 m\u00faltiples anuncios relacionados con la educaci\u00f3n. En ese marco, el Intendente Cecilio Salazar recibi\u00f3 una combi Ford 0km para la Escuela de Educaci\u00f3n Especial N\u00ba 501 de [&hellip;]<\/p>\n","protected":false},"author":4,"featured_media":123932,"comment_status":"closed","ping_status":"closed","sticky":false,"template":"","format":"standard","meta":{"om_disable_all_campaigns":false,"_jetpack_memberships_contains_paid_content":false,"footnotes":""},"categories":[50,101,2],"tags":[197,696,33,19],"class_list":["post-123931","post","type-post","status-publish","format-standard","has-post-thumbnail","hentry","category-destacadas","category-interes-general-locales","category-locales","tag-buenos-aires","tag-interes-general","tag-locales","tag-san-pedro"],"aioseo_notices":[],"gutentor_comment":0,"jetpack_featured_media_url":"https:\/\/eldiariodesanpedro.com.ar\/sitio\/wp-content\/uploads\/2023\/11\/Imagen-de-WhatsApp-2023-11-14-a-las-17.37.46_21c8b50b.jpg","jetpack_shortlink":"https:\/\/wp.me\/p6RhLt-weT","jetpack_sharing_enabled":true,"_links":{"self":[{"href":"https:\/\/eldiariodesanpedro.com.ar\/sitio\/wp-json\/wp\/v2\/posts\/123931","targetHints":{"allow":["GET"]}}],"collection":[{"href":"https:\/\/eldiariodesanpedro.com.ar\/sitio\/wp-json\/wp\/v2\/posts"}],"about":[{"href":"https:\/\/eldiariodesanpedro.com.ar\/sitio\/wp-json\/wp\/v2\/types\/post"}],"author":[{"embeddable":true,"href":"https:\/\/eldiariodesanpedro.com.ar\/sitio\/wp-json\/wp\/v2\/users\/4"}],"replies":[{"embeddable":true,"href":"https:\/\/eldiariodesanpedro.com.ar\/sitio\/wp-json\/wp\/v2\/comments?post=123931"}],"version-history":[{"count":1,"href":"https:\/\/eldiariodesanpedro.com.ar\/sitio\/wp-json\/wp\/v2\/posts\/123931\/revisions"}],"predecessor-version":[{"id":123935,"href":"https:\/\/eldiariodesanpedro.com.ar\/sitio\/wp-json\/wp\/v2\/posts\/123931\/revisions\/123935"}],"wp:featuredmedia":[{"embeddable":true,"href":"https:\/\/eldiariodesanpedro.com.ar\/sitio\/wp-json\/wp\/v2\/media\/123932"}],"wp:attachment":[{"href":"https:\/\/eldiariodesanpedro.com.ar\/sitio\/wp-json\/wp\/v2\/media?parent=123931"}],"wp:term":[{"taxonomy":"category","embeddable":true,"href":"https:\/\/eldiariodesanpedro.com.ar\/sitio\/wp-json\/wp\/v2\/categories?post=123931"},{"taxonomy":"post_tag","embeddable":true,"href":"https:\/\/eldiariodesanpedro.com.ar\/sitio\/wp-json\/wp\/v2\/tags?post=123931"}],"curies":[{"name":"wp","href":"https:\/\/api.w.org\/{rel}","templated":true}]}}