{"id":123923,"date":"2023-11-14T21:38:23","date_gmt":"2023-11-15T00:38:23","guid":{"rendered":"https:\/\/eldiariodesanpedro.com.ar\/sitio\/?p=123923"},"modified":"2023-11-14T21:38:25","modified_gmt":"2023-11-15T00:38:25","slug":"llegaron-las-camaras-con-las-que-se-ampliara-la-cobertura-del-centro-de-monitoreo","status":"publish","type":"post","link":"https:\/\/eldiariodesanpedro.com.ar\/sitio\/llegaron-las-camaras-con-las-que-se-ampliara-la-cobertura-del-centro-de-monitoreo\/","title":{"rendered":"Llegaron las c\u00e1maras con las que se ampliar\u00e1 la cobertura del Centro de Monitoreo"},"content":{"rendered":"<!-- VideographyWP Plugin Message: Automatic video embedding prevented by plugin options. -->\n\n<p>Luego de la firma del convenio correspondiente concretada entre el Intendente Cecilio Salazar y el Ministro de Seguridad, An\u00edbal Fern\u00e1ndez, se encuentran en la ciudad, a disposici\u00f3n del Centro de Monitoreo de la Secretar\u00eda de Seguridad, los 55 nuevos dispositivos que ser\u00e1n distribuidos por las zonas que ser\u00e1n determinadas por el equipo del \u00e1rea.<\/p>\n\n\n\n<p>El objetivo es ir incrementando paulatinamente la cobertura que ofrecen las mismas, tomando como referencia las estad\u00edsticas que se administran de manera constante a trav\u00e9s de las llamadas que se vienen recibiendo en este espacio centralizado.<br>Junto a la instalaci\u00f3n de las mismas se ir\u00e1 ampliando tambi\u00e9n la conectividad necesaria para dotar de estabilidad y seguridad a estos puntos de visualizaci\u00f3n que permiten la intervenci\u00f3n policial o el seguimiento para la investigaci\u00f3n de casos.<\/p>\n\n\n\n<p>Tal como fue anunciado la semana pasada, adem\u00e1s de esta ampliaci\u00f3n, est\u00e1 en marcha el proceso para la incorporaci\u00f3n de nuestro distrito en el Programa Ciudades Seguras que destinar\u00e1 un presupuesto espec\u00edfico para el refuerzo de las herramientas relacionadas con la seguridad\u00a0ciudadana.<\/p>\n\n\n\n<figure class=\"wp-block-image size-full\"><img decoding=\"async\" width=\"946\" height=\"630\" data-attachment-id=\"123928\" data-permalink=\"https:\/\/eldiariodesanpedro.com.ar\/sitio\/llegaron-las-camaras-con-las-que-se-ampliara-la-cobertura-del-centro-de-monitoreo\/imagen-de-whatsapp-2023-11-14-a-las-16-11-52_71b35924\/\" data-orig-file=\"https:\/\/eldiariodesanpedro.com.ar\/sitio\/wp-content\/uploads\/2023\/11\/Imagen-de-WhatsApp-2023-11-14-a-las-16.11.52_71b35924.jpg\" data-orig-size=\"946,630\" data-comments-opened=\"0\" data-image-meta=\"{&quot;aperture&quot;:&quot;0&quot;,&quot;credit&quot;:&quot;&quot;,&quot;camera&quot;:&quot;&quot;,&quot;caption&quot;:&quot;&quot;,&quot;created_timestamp&quot;:&quot;0&quot;,&quot;copyright&quot;:&quot;&quot;,&quot;focal_length&quot;:&quot;0&quot;,&quot;iso&quot;:&quot;0&quot;,&quot;shutter_speed&quot;:&quot;0&quot;,&quot;title&quot;:&quot;&quot;,&quot;orientation&quot;:&quot;0&quot;}\" data-image-title=\"Imagen de WhatsApp 2023-11-14 a las 16.11.52_71b35924\" data-image-description=\"\" data-image-caption=\"\" data-large-file=\"https:\/\/eldiariodesanpedro.com.ar\/sitio\/wp-content\/uploads\/2023\/11\/Imagen-de-WhatsApp-2023-11-14-a-las-16.11.52_71b35924.jpg\" data-src=\"https:\/\/eldiariodesanpedro.com.ar\/sitio\/wp-content\/uploads\/2023\/11\/Imagen-de-WhatsApp-2023-11-14-a-las-16.11.52_71b35924.jpg\" alt=\"\" class=\"wp-image-123928 lazyload\" data-srcset=\"https:\/\/eldiariodesanpedro.com.ar\/sitio\/wp-content\/uploads\/2023\/11\/Imagen-de-WhatsApp-2023-11-14-a-las-16.11.52_71b35924.jpg 946w, https:\/\/eldiariodesanpedro.com.ar\/sitio\/wp-content\/uploads\/2023\/11\/Imagen-de-WhatsApp-2023-11-14-a-las-16.11.52_71b35924-300x200.jpg 300w, https:\/\/eldiariodesanpedro.com.ar\/sitio\/wp-content\/uploads\/2023\/11\/Imagen-de-WhatsApp-2023-11-14-a-las-16.11.52_71b35924-768x511.jpg 768w\" data-sizes=\"(max-width: 946px) 100vw, 946px\" src=\"data:image\/svg+xml;base64,PHN2ZyB3aWR0aD0iMSIgaGVpZ2h0PSIxIiB4bWxucz0iaHR0cDovL3d3dy53My5vcmcvMjAwMC9zdmciPjwvc3ZnPg==\" style=\"--smush-placeholder-width: 946px; --smush-placeholder-aspect-ratio: 946\/630;\" \/><\/figure>\n\n\n\n<figure class=\"wp-block-image size-full\"><img decoding=\"async\" width=\"946\" height=\"630\" data-attachment-id=\"123929\" data-permalink=\"https:\/\/eldiariodesanpedro.com.ar\/sitio\/llegaron-las-camaras-con-las-que-se-ampliara-la-cobertura-del-centro-de-monitoreo\/imagen-de-whatsapp-2023-11-14-a-las-16-11-52_c1103e39\/\" data-orig-file=\"https:\/\/eldiariodesanpedro.com.ar\/sitio\/wp-content\/uploads\/2023\/11\/Imagen-de-WhatsApp-2023-11-14-a-las-16.11.52_c1103e39.jpg\" data-orig-size=\"946,630\" data-comments-opened=\"0\" data-image-meta=\"{&quot;aperture&quot;:&quot;0&quot;,&quot;credit&quot;:&quot;&quot;,&quot;camera&quot;:&quot;&quot;,&quot;caption&quot;:&quot;&quot;,&quot;created_timestamp&quot;:&quot;0&quot;,&quot;copyright&quot;:&quot;&quot;,&quot;focal_length&quot;:&quot;0&quot;,&quot;iso&quot;:&quot;0&quot;,&quot;shutter_speed&quot;:&quot;0&quot;,&quot;title&quot;:&quot;&quot;,&quot;orientation&quot;:&quot;0&quot;}\" data-image-title=\"Imagen de WhatsApp 2023-11-14 a las 16.11.52_c1103e39\" data-image-description=\"\" data-image-caption=\"\" data-large-file=\"https:\/\/eldiariodesanpedro.com.ar\/sitio\/wp-content\/uploads\/2023\/11\/Imagen-de-WhatsApp-2023-11-14-a-las-16.11.52_c1103e39.jpg\" data-src=\"https:\/\/eldiariodesanpedro.com.ar\/sitio\/wp-content\/uploads\/2023\/11\/Imagen-de-WhatsApp-2023-11-14-a-las-16.11.52_c1103e39.jpg\" alt=\"\" class=\"wp-image-123929 lazyload\" data-srcset=\"https:\/\/eldiariodesanpedro.com.ar\/sitio\/wp-content\/uploads\/2023\/11\/Imagen-de-WhatsApp-2023-11-14-a-las-16.11.52_c1103e39.jpg 946w, https:\/\/eldiariodesanpedro.com.ar\/sitio\/wp-content\/uploads\/2023\/11\/Imagen-de-WhatsApp-2023-11-14-a-las-16.11.52_c1103e39-300x200.jpg 300w, https:\/\/eldiariodesanpedro.com.ar\/sitio\/wp-content\/uploads\/2023\/11\/Imagen-de-WhatsApp-2023-11-14-a-las-16.11.52_c1103e39-768x511.jpg 768w\" data-sizes=\"(max-width: 946px) 100vw, 946px\" src=\"data:image\/svg+xml;base64,PHN2ZyB3aWR0aD0iMSIgaGVpZ2h0PSIxIiB4bWxucz0iaHR0cDovL3d3dy53My5vcmcvMjAwMC9zdmciPjwvc3ZnPg==\" style=\"--smush-placeholder-width: 946px; --smush-placeholder-aspect-ratio: 946\/630;\" \/><\/figure>\n","protected":false},"excerpt":{"rendered":"<p>Luego de la firma del convenio correspondiente concretada entre el Intendente Cecilio Salazar y el Ministro de Seguridad, An\u00edbal Fern\u00e1ndez, se encuentran en la ciudad, a disposici\u00f3n del Centro de Monitoreo de la Secretar\u00eda de Seguridad, los 55 nuevos dispositivos que ser\u00e1n distribuidos por las zonas que ser\u00e1n determinadas por el equipo del \u00e1rea. El [&hellip;]<\/p>\n","protected":false},"author":4,"featured_media":123924,"comment_status":"closed","ping_status":"closed","sticky":false,"template":"","format":"standard","meta":{"om_disable_all_campaigns":false,"_jetpack_memberships_contains_paid_content":false,"footnotes":""},"categories":[50,101,2],"tags":[197,696,33,19],"class_list":["post-123923","post","type-post","status-publish","format-standard","has-post-thumbnail","hentry","category-destacadas","category-interes-general-locales","category-locales","tag-buenos-aires","tag-interes-general","tag-locales","tag-san-pedro"],"aioseo_notices":[],"gutentor_comment":0,"jetpack_featured_media_url":"https:\/\/eldiariodesanpedro.com.ar\/sitio\/wp-content\/uploads\/2023\/11\/Imagen-de-WhatsApp-2023-11-14-a-las-16.11.49_681b5dbf.jpg","jetpack_shortlink":"https:\/\/wp.me\/p6RhLt-weL","jetpack_sharing_enabled":true,"_links":{"self":[{"href":"https:\/\/eldiariodesanpedro.com.ar\/sitio\/wp-json\/wp\/v2\/posts\/123923","targetHints":{"allow":["GET"]}}],"collection":[{"href":"https:\/\/eldiariodesanpedro.com.ar\/sitio\/wp-json\/wp\/v2\/posts"}],"about":[{"href":"https:\/\/eldiariodesanpedro.com.ar\/sitio\/wp-json\/wp\/v2\/types\/post"}],"author":[{"embeddable":true,"href":"https:\/\/eldiariodesanpedro.com.ar\/sitio\/wp-json\/wp\/v2\/users\/4"}],"replies":[{"embeddable":true,"href":"https:\/\/eldiariodesanpedro.com.ar\/sitio\/wp-json\/wp\/v2\/comments?post=123923"}],"version-history":[{"count":1,"href":"https:\/\/eldiariodesanpedro.com.ar\/sitio\/wp-json\/wp\/v2\/posts\/123923\/revisions"}],"predecessor-version":[{"id":123930,"href":"https:\/\/eldiariodesanpedro.com.ar\/sitio\/wp-json\/wp\/v2\/posts\/123923\/revisions\/123930"}],"wp:featuredmedia":[{"embeddable":true,"href":"https:\/\/eldiariodesanpedro.com.ar\/sitio\/wp-json\/wp\/v2\/media\/123924"}],"wp:attachment":[{"href":"https:\/\/eldiariodesanpedro.com.ar\/sitio\/wp-json\/wp\/v2\/media?parent=123923"}],"wp:term":[{"taxonomy":"category","embeddable":true,"href":"https:\/\/eldiariodesanpedro.com.ar\/sitio\/wp-json\/wp\/v2\/categories?post=123923"},{"taxonomy":"post_tag","embeddable":true,"href":"https:\/\/eldiariodesanpedro.com.ar\/sitio\/wp-json\/wp\/v2\/tags?post=123923"}],"curies":[{"name":"wp","href":"https:\/\/api.w.org\/{rel}","templated":true}]}}