{"id":123910,"date":"2023-11-14T15:36:41","date_gmt":"2023-11-14T18:36:41","guid":{"rendered":"https:\/\/eldiariodesanpedro.com.ar\/sitio\/?p=123910"},"modified":"2023-11-14T15:36:46","modified_gmt":"2023-11-14T18:36:46","slug":"entrega-de-computadoras-del-programa-conectar-igualdad-bonaerense-en-la-escuela-n-502","status":"publish","type":"post","link":"https:\/\/eldiariodesanpedro.com.ar\/sitio\/entrega-de-computadoras-del-programa-conectar-igualdad-bonaerense-en-la-escuela-n-502\/","title":{"rendered":"Entrega de computadoras del programa Conectar Igualdad Bonaerense en la Escuela N\u00b0 502"},"content":{"rendered":"<!-- VideographyWP Plugin Message: Automatic video embedding prevented by plugin options. -->\n\n<p>Contin\u00faa el diagrama previsto para la entrega de computadoras personales a estudiantes de nivel secundario de la Provincia de Buenos Aires y este martes se cumpli\u00f3 con la asignaci\u00f3n correspondiente para los alumnos y alumnas de la Escuela N\u00b0 502.<\/p>\n\n\n\n<p>La iniciativa que ratifica la pol\u00edtica de estado para brindarles herramientas de educaci\u00f3n y conectividad a las y los estudiantes ya recorri\u00f3 en San Pedro otros establecimientos educativos y en total alcanza a m\u00e1s de 160 mil j\u00f3venes en toda la Provincia.<\/p>\n\n\n\n<p>Durante el encuentro, del que participaron la Jefa Distrital de Educaci\u00f3n, Lorena L\u00f3pez y el Secretario Coordinador del Consejo Provincial de Educaci\u00f3n y Trabajo, Alan Ocampo, se entregaron 17 netbooks que permitir\u00e1n a las y los j\u00f3venes la interacci\u00f3n apropiada para acceder a programas educativos abiertos creados con el prop\u00f3sito de desarrollar aulas virtuales que ampl\u00edan los recursos\u00a0disponibles.<\/p>\n\n\n\n<figure class=\"wp-block-image size-full\"><img decoding=\"async\" width=\"946\" height=\"630\" data-attachment-id=\"123912\" data-permalink=\"https:\/\/eldiariodesanpedro.com.ar\/sitio\/entrega-de-computadoras-del-programa-conectar-igualdad-bonaerense-en-la-escuela-n-502\/imagen-de-whatsapp-2023-11-14-a-las-12-32-39_8dd72b44\/\" data-orig-file=\"https:\/\/eldiariodesanpedro.com.ar\/sitio\/wp-content\/uploads\/2023\/11\/Imagen-de-WhatsApp-2023-11-14-a-las-12.32.39_8dd72b44.jpg\" data-orig-size=\"946,630\" data-comments-opened=\"0\" data-image-meta=\"{&quot;aperture&quot;:&quot;0&quot;,&quot;credit&quot;:&quot;&quot;,&quot;camera&quot;:&quot;&quot;,&quot;caption&quot;:&quot;&quot;,&quot;created_timestamp&quot;:&quot;0&quot;,&quot;copyright&quot;:&quot;&quot;,&quot;focal_length&quot;:&quot;0&quot;,&quot;iso&quot;:&quot;0&quot;,&quot;shutter_speed&quot;:&quot;0&quot;,&quot;title&quot;:&quot;&quot;,&quot;orientation&quot;:&quot;0&quot;}\" data-image-title=\"Imagen de WhatsApp 2023-11-14 a las 12.32.39_8dd72b44\" data-image-description=\"\" data-image-caption=\"\" data-large-file=\"https:\/\/eldiariodesanpedro.com.ar\/sitio\/wp-content\/uploads\/2023\/11\/Imagen-de-WhatsApp-2023-11-14-a-las-12.32.39_8dd72b44.jpg\" data-src=\"https:\/\/eldiariodesanpedro.com.ar\/sitio\/wp-content\/uploads\/2023\/11\/Imagen-de-WhatsApp-2023-11-14-a-las-12.32.39_8dd72b44.jpg\" alt=\"\" class=\"wp-image-123912 lazyload\" data-srcset=\"https:\/\/eldiariodesanpedro.com.ar\/sitio\/wp-content\/uploads\/2023\/11\/Imagen-de-WhatsApp-2023-11-14-a-las-12.32.39_8dd72b44.jpg 946w, https:\/\/eldiariodesanpedro.com.ar\/sitio\/wp-content\/uploads\/2023\/11\/Imagen-de-WhatsApp-2023-11-14-a-las-12.32.39_8dd72b44-300x200.jpg 300w, https:\/\/eldiariodesanpedro.com.ar\/sitio\/wp-content\/uploads\/2023\/11\/Imagen-de-WhatsApp-2023-11-14-a-las-12.32.39_8dd72b44-768x511.jpg 768w\" data-sizes=\"(max-width: 946px) 100vw, 946px\" src=\"data:image\/svg+xml;base64,PHN2ZyB3aWR0aD0iMSIgaGVpZ2h0PSIxIiB4bWxucz0iaHR0cDovL3d3dy53My5vcmcvMjAwMC9zdmciPjwvc3ZnPg==\" style=\"--smush-placeholder-width: 946px; --smush-placeholder-aspect-ratio: 946\/630;\" \/><\/figure>\n\n\n\n<figure class=\"wp-block-image size-full\"><img decoding=\"async\" width=\"946\" height=\"630\" data-attachment-id=\"123916\" data-permalink=\"https:\/\/eldiariodesanpedro.com.ar\/sitio\/entrega-de-computadoras-del-programa-conectar-igualdad-bonaerense-en-la-escuela-n-502\/imagen-de-whatsapp-2023-11-14-a-las-12-32-41_0f3bb0b9\/\" data-orig-file=\"https:\/\/eldiariodesanpedro.com.ar\/sitio\/wp-content\/uploads\/2023\/11\/Imagen-de-WhatsApp-2023-11-14-a-las-12.32.41_0f3bb0b9.jpg\" data-orig-size=\"946,630\" data-comments-opened=\"0\" data-image-meta=\"{&quot;aperture&quot;:&quot;0&quot;,&quot;credit&quot;:&quot;&quot;,&quot;camera&quot;:&quot;&quot;,&quot;caption&quot;:&quot;&quot;,&quot;created_timestamp&quot;:&quot;0&quot;,&quot;copyright&quot;:&quot;&quot;,&quot;focal_length&quot;:&quot;0&quot;,&quot;iso&quot;:&quot;0&quot;,&quot;shutter_speed&quot;:&quot;0&quot;,&quot;title&quot;:&quot;&quot;,&quot;orientation&quot;:&quot;0&quot;}\" data-image-title=\"Imagen de WhatsApp 2023-11-14 a las 12.32.41_0f3bb0b9\" data-image-description=\"\" data-image-caption=\"\" data-large-file=\"https:\/\/eldiariodesanpedro.com.ar\/sitio\/wp-content\/uploads\/2023\/11\/Imagen-de-WhatsApp-2023-11-14-a-las-12.32.41_0f3bb0b9.jpg\" data-src=\"https:\/\/eldiariodesanpedro.com.ar\/sitio\/wp-content\/uploads\/2023\/11\/Imagen-de-WhatsApp-2023-11-14-a-las-12.32.41_0f3bb0b9.jpg\" alt=\"\" class=\"wp-image-123916 lazyload\" data-srcset=\"https:\/\/eldiariodesanpedro.com.ar\/sitio\/wp-content\/uploads\/2023\/11\/Imagen-de-WhatsApp-2023-11-14-a-las-12.32.41_0f3bb0b9.jpg 946w, https:\/\/eldiariodesanpedro.com.ar\/sitio\/wp-content\/uploads\/2023\/11\/Imagen-de-WhatsApp-2023-11-14-a-las-12.32.41_0f3bb0b9-300x200.jpg 300w, https:\/\/eldiariodesanpedro.com.ar\/sitio\/wp-content\/uploads\/2023\/11\/Imagen-de-WhatsApp-2023-11-14-a-las-12.32.41_0f3bb0b9-768x511.jpg 768w\" data-sizes=\"(max-width: 946px) 100vw, 946px\" src=\"data:image\/svg+xml;base64,PHN2ZyB3aWR0aD0iMSIgaGVpZ2h0PSIxIiB4bWxucz0iaHR0cDovL3d3dy53My5vcmcvMjAwMC9zdmciPjwvc3ZnPg==\" style=\"--smush-placeholder-width: 946px; --smush-placeholder-aspect-ratio: 946\/630;\" \/><\/figure>\n","protected":false},"excerpt":{"rendered":"<p>Contin\u00faa el diagrama previsto para la entrega de computadoras personales a estudiantes de nivel secundario de la Provincia de Buenos Aires y este martes se cumpli\u00f3 con la asignaci\u00f3n correspondiente para los alumnos y alumnas de la Escuela N\u00b0 502. La iniciativa que ratifica la pol\u00edtica de estado para brindarles herramientas de educaci\u00f3n y conectividad [&hellip;]<\/p>\n","protected":false},"author":4,"featured_media":123911,"comment_status":"closed","ping_status":"closed","sticky":false,"template":"","format":"standard","meta":{"om_disable_all_campaigns":false,"_jetpack_memberships_contains_paid_content":false,"footnotes":""},"categories":[50,101,2],"tags":[197,696,33,19],"class_list":["post-123910","post","type-post","status-publish","format-standard","has-post-thumbnail","hentry","category-destacadas","category-interes-general-locales","category-locales","tag-buenos-aires","tag-interes-general","tag-locales","tag-san-pedro"],"aioseo_notices":[],"gutentor_comment":0,"jetpack_featured_media_url":"https:\/\/eldiariodesanpedro.com.ar\/sitio\/wp-content\/uploads\/2023\/11\/Imagen-de-WhatsApp-2023-11-14-a-las-12.32.38_03f7a93b.jpg","jetpack_shortlink":"https:\/\/wp.me\/p6RhLt-wey","jetpack_sharing_enabled":true,"_links":{"self":[{"href":"https:\/\/eldiariodesanpedro.com.ar\/sitio\/wp-json\/wp\/v2\/posts\/123910","targetHints":{"allow":["GET"]}}],"collection":[{"href":"https:\/\/eldiariodesanpedro.com.ar\/sitio\/wp-json\/wp\/v2\/posts"}],"about":[{"href":"https:\/\/eldiariodesanpedro.com.ar\/sitio\/wp-json\/wp\/v2\/types\/post"}],"author":[{"embeddable":true,"href":"https:\/\/eldiariodesanpedro.com.ar\/sitio\/wp-json\/wp\/v2\/users\/4"}],"replies":[{"embeddable":true,"href":"https:\/\/eldiariodesanpedro.com.ar\/sitio\/wp-json\/wp\/v2\/comments?post=123910"}],"version-history":[{"count":1,"href":"https:\/\/eldiariodesanpedro.com.ar\/sitio\/wp-json\/wp\/v2\/posts\/123910\/revisions"}],"predecessor-version":[{"id":123917,"href":"https:\/\/eldiariodesanpedro.com.ar\/sitio\/wp-json\/wp\/v2\/posts\/123910\/revisions\/123917"}],"wp:featuredmedia":[{"embeddable":true,"href":"https:\/\/eldiariodesanpedro.com.ar\/sitio\/wp-json\/wp\/v2\/media\/123911"}],"wp:attachment":[{"href":"https:\/\/eldiariodesanpedro.com.ar\/sitio\/wp-json\/wp\/v2\/media?parent=123910"}],"wp:term":[{"taxonomy":"category","embeddable":true,"href":"https:\/\/eldiariodesanpedro.com.ar\/sitio\/wp-json\/wp\/v2\/categories?post=123910"},{"taxonomy":"post_tag","embeddable":true,"href":"https:\/\/eldiariodesanpedro.com.ar\/sitio\/wp-json\/wp\/v2\/tags?post=123910"}],"curies":[{"name":"wp","href":"https:\/\/api.w.org\/{rel}","templated":true}]}}