{"id":123902,"date":"2023-11-14T15:25:02","date_gmt":"2023-11-14T18:25:02","guid":{"rendered":"https:\/\/eldiariodesanpedro.com.ar\/sitio\/?p=123902"},"modified":"2023-11-14T15:25:04","modified_gmt":"2023-11-14T18:25:04","slug":"firma-de-escrituras-sociales-gestionadas-desde-la-oficina-municipal-3","status":"publish","type":"post","link":"https:\/\/eldiariodesanpedro.com.ar\/sitio\/firma-de-escrituras-sociales-gestionadas-desde-la-oficina-municipal-3\/","title":{"rendered":"Firma de escrituras sociales gestionadas desde la Oficina Municipal"},"content":{"rendered":"<!-- VideographyWP Plugin Message: Automatic video embedding prevented by plugin options. -->\n\n<p>Este lunes, en el Sal\u00f3n Dorado del Honorable Concejo Deliberante, el Intendente Cecilio Salazar encabez\u00f3 un acto, junto a representantes de la Escriban\u00eda General de Gobierno del Ministerio de Justicia y Derechos Humanos de la Provincia de Buenos Aires, en el cual se firmaron 47 escrituras sociales correspondientes a familias que realizaron los tr\u00e1mites en el marco del programa \u201cMi Escritura, Mi Casa\u201d y como resultado de las gestiones realizadas desde la Oficina de Escrituraciones de la Municipalidad de San Pedro.<\/p>\n\n\n\n<p>Las gestiones enmarcadas en las posibilidades que ofrece la ley 10.830, han avanzado hasta llegar a esta instancia en la que hoy, con la firma de la escribana Andrea Carelli, quedaron en condiciones de ser elevadas para concluir el tr\u00e1mite.<\/p>\n\n\n\n<p>El Intendente destac\u00f3 la tarea que viene llevando a cabo la Oficina de Escrituraciones, agradeci\u00f3 a quienes confiaron en las gestiones del \u00e1rea y destac\u00f3 la importancia de este acto para las familias sampedrinas. \u201cS\u00e9 lo que significa para todos ustedes poder recibir el t\u00edtulo de propiedad o la escritura de sus casas. Hace tanto tiempo, en algunos casos a\u00f1os, que lo vienen tramitando.\u201d<\/p>\n\n\n\n<p>Adem\u00e1s, agradeci\u00f3 al Gobernador Axel Kicillof por la decisi\u00f3n de agilizar estos tr\u00e1mites, asegurando que \u201chay que seguir trabajando para que podamos entregar la mayor cantidad de t\u00edtulos posible a la gente que est\u00e1 esperando y que hace tantos a\u00f1os tambi\u00e9n que los viene tramitando\u201d.<\/p>\n\n\n\n<p>Durante la ceremonia, estuvieron presentes la Escribana Andrea Carelli en representaci\u00f3n de la Escriban\u00eda General de Gobierno, y diferentes Secretarios del municipio, quienes acompa\u00f1aron a las familias en este importante\u00a0momento.<\/p>\n\n\n\n<figure class=\"wp-block-image size-full\"><img decoding=\"async\" width=\"946\" height=\"630\" data-attachment-id=\"123907\" data-permalink=\"https:\/\/eldiariodesanpedro.com.ar\/sitio\/firma-de-escrituras-sociales-gestionadas-desde-la-oficina-municipal-3\/imagen-de-whatsapp-2023-11-14-a-las-12-19-57_f8e22146\/\" data-orig-file=\"https:\/\/eldiariodesanpedro.com.ar\/sitio\/wp-content\/uploads\/2023\/11\/Imagen-de-WhatsApp-2023-11-14-a-las-12.19.57_f8e22146.jpg\" data-orig-size=\"946,630\" data-comments-opened=\"0\" data-image-meta=\"{&quot;aperture&quot;:&quot;0&quot;,&quot;credit&quot;:&quot;&quot;,&quot;camera&quot;:&quot;&quot;,&quot;caption&quot;:&quot;&quot;,&quot;created_timestamp&quot;:&quot;0&quot;,&quot;copyright&quot;:&quot;&quot;,&quot;focal_length&quot;:&quot;0&quot;,&quot;iso&quot;:&quot;0&quot;,&quot;shutter_speed&quot;:&quot;0&quot;,&quot;title&quot;:&quot;&quot;,&quot;orientation&quot;:&quot;0&quot;}\" data-image-title=\"Imagen de WhatsApp 2023-11-14 a las 12.19.57_f8e22146\" data-image-description=\"\" data-image-caption=\"\" data-large-file=\"https:\/\/eldiariodesanpedro.com.ar\/sitio\/wp-content\/uploads\/2023\/11\/Imagen-de-WhatsApp-2023-11-14-a-las-12.19.57_f8e22146.jpg\" data-src=\"https:\/\/eldiariodesanpedro.com.ar\/sitio\/wp-content\/uploads\/2023\/11\/Imagen-de-WhatsApp-2023-11-14-a-las-12.19.57_f8e22146.jpg\" alt=\"\" class=\"wp-image-123907 lazyload\" data-srcset=\"https:\/\/eldiariodesanpedro.com.ar\/sitio\/wp-content\/uploads\/2023\/11\/Imagen-de-WhatsApp-2023-11-14-a-las-12.19.57_f8e22146.jpg 946w, https:\/\/eldiariodesanpedro.com.ar\/sitio\/wp-content\/uploads\/2023\/11\/Imagen-de-WhatsApp-2023-11-14-a-las-12.19.57_f8e22146-300x200.jpg 300w, https:\/\/eldiariodesanpedro.com.ar\/sitio\/wp-content\/uploads\/2023\/11\/Imagen-de-WhatsApp-2023-11-14-a-las-12.19.57_f8e22146-768x511.jpg 768w\" data-sizes=\"(max-width: 946px) 100vw, 946px\" src=\"data:image\/svg+xml;base64,PHN2ZyB3aWR0aD0iMSIgaGVpZ2h0PSIxIiB4bWxucz0iaHR0cDovL3d3dy53My5vcmcvMjAwMC9zdmciPjwvc3ZnPg==\" style=\"--smush-placeholder-width: 946px; --smush-placeholder-aspect-ratio: 946\/630;\" \/><\/figure>\n\n\n\n<figure class=\"wp-block-image size-full\"><img decoding=\"async\" width=\"937\" height=\"630\" data-attachment-id=\"123905\" data-permalink=\"https:\/\/eldiariodesanpedro.com.ar\/sitio\/firma-de-escrituras-sociales-gestionadas-desde-la-oficina-municipal-3\/imagen-de-whatsapp-2023-11-14-a-las-12-19-56_c7af8b84\/\" data-orig-file=\"https:\/\/eldiariodesanpedro.com.ar\/sitio\/wp-content\/uploads\/2023\/11\/Imagen-de-WhatsApp-2023-11-14-a-las-12.19.56_c7af8b84.jpg\" data-orig-size=\"937,630\" data-comments-opened=\"0\" data-image-meta=\"{&quot;aperture&quot;:&quot;0&quot;,&quot;credit&quot;:&quot;&quot;,&quot;camera&quot;:&quot;&quot;,&quot;caption&quot;:&quot;&quot;,&quot;created_timestamp&quot;:&quot;0&quot;,&quot;copyright&quot;:&quot;&quot;,&quot;focal_length&quot;:&quot;0&quot;,&quot;iso&quot;:&quot;0&quot;,&quot;shutter_speed&quot;:&quot;0&quot;,&quot;title&quot;:&quot;&quot;,&quot;orientation&quot;:&quot;0&quot;}\" data-image-title=\"Imagen de WhatsApp 2023-11-14 a las 12.19.56_c7af8b84\" data-image-description=\"\" data-image-caption=\"\" data-large-file=\"https:\/\/eldiariodesanpedro.com.ar\/sitio\/wp-content\/uploads\/2023\/11\/Imagen-de-WhatsApp-2023-11-14-a-las-12.19.56_c7af8b84.jpg\" data-src=\"https:\/\/eldiariodesanpedro.com.ar\/sitio\/wp-content\/uploads\/2023\/11\/Imagen-de-WhatsApp-2023-11-14-a-las-12.19.56_c7af8b84.jpg\" alt=\"\" class=\"wp-image-123905 lazyload\" data-srcset=\"https:\/\/eldiariodesanpedro.com.ar\/sitio\/wp-content\/uploads\/2023\/11\/Imagen-de-WhatsApp-2023-11-14-a-las-12.19.56_c7af8b84.jpg 937w, https:\/\/eldiariodesanpedro.com.ar\/sitio\/wp-content\/uploads\/2023\/11\/Imagen-de-WhatsApp-2023-11-14-a-las-12.19.56_c7af8b84-300x202.jpg 300w, https:\/\/eldiariodesanpedro.com.ar\/sitio\/wp-content\/uploads\/2023\/11\/Imagen-de-WhatsApp-2023-11-14-a-las-12.19.56_c7af8b84-768x516.jpg 768w\" data-sizes=\"(max-width: 937px) 100vw, 937px\" src=\"data:image\/svg+xml;base64,PHN2ZyB3aWR0aD0iMSIgaGVpZ2h0PSIxIiB4bWxucz0iaHR0cDovL3d3dy53My5vcmcvMjAwMC9zdmciPjwvc3ZnPg==\" style=\"--smush-placeholder-width: 937px; --smush-placeholder-aspect-ratio: 937\/630;\" \/><\/figure>\n\n\n\n<figure class=\"wp-block-image size-full\"><img decoding=\"async\" width=\"946\" height=\"630\" data-attachment-id=\"123908\" data-permalink=\"https:\/\/eldiariodesanpedro.com.ar\/sitio\/firma-de-escrituras-sociales-gestionadas-desde-la-oficina-municipal-3\/imagen-de-whatsapp-2023-11-14-a-las-12-19-58_d54b35eb\/\" data-orig-file=\"https:\/\/eldiariodesanpedro.com.ar\/sitio\/wp-content\/uploads\/2023\/11\/Imagen-de-WhatsApp-2023-11-14-a-las-12.19.58_d54b35eb.jpg\" data-orig-size=\"946,630\" data-comments-opened=\"0\" data-image-meta=\"{&quot;aperture&quot;:&quot;0&quot;,&quot;credit&quot;:&quot;&quot;,&quot;camera&quot;:&quot;&quot;,&quot;caption&quot;:&quot;&quot;,&quot;created_timestamp&quot;:&quot;0&quot;,&quot;copyright&quot;:&quot;&quot;,&quot;focal_length&quot;:&quot;0&quot;,&quot;iso&quot;:&quot;0&quot;,&quot;shutter_speed&quot;:&quot;0&quot;,&quot;title&quot;:&quot;&quot;,&quot;orientation&quot;:&quot;0&quot;}\" data-image-title=\"Imagen de WhatsApp 2023-11-14 a las 12.19.58_d54b35eb\" data-image-description=\"\" data-image-caption=\"\" data-large-file=\"https:\/\/eldiariodesanpedro.com.ar\/sitio\/wp-content\/uploads\/2023\/11\/Imagen-de-WhatsApp-2023-11-14-a-las-12.19.58_d54b35eb.jpg\" data-src=\"https:\/\/eldiariodesanpedro.com.ar\/sitio\/wp-content\/uploads\/2023\/11\/Imagen-de-WhatsApp-2023-11-14-a-las-12.19.58_d54b35eb.jpg\" alt=\"\" class=\"wp-image-123908 lazyload\" data-srcset=\"https:\/\/eldiariodesanpedro.com.ar\/sitio\/wp-content\/uploads\/2023\/11\/Imagen-de-WhatsApp-2023-11-14-a-las-12.19.58_d54b35eb.jpg 946w, https:\/\/eldiariodesanpedro.com.ar\/sitio\/wp-content\/uploads\/2023\/11\/Imagen-de-WhatsApp-2023-11-14-a-las-12.19.58_d54b35eb-300x200.jpg 300w, https:\/\/eldiariodesanpedro.com.ar\/sitio\/wp-content\/uploads\/2023\/11\/Imagen-de-WhatsApp-2023-11-14-a-las-12.19.58_d54b35eb-768x511.jpg 768w\" data-sizes=\"(max-width: 946px) 100vw, 946px\" src=\"data:image\/svg+xml;base64,PHN2ZyB3aWR0aD0iMSIgaGVpZ2h0PSIxIiB4bWxucz0iaHR0cDovL3d3dy53My5vcmcvMjAwMC9zdmciPjwvc3ZnPg==\" style=\"--smush-placeholder-width: 946px; --smush-placeholder-aspect-ratio: 946\/630;\" \/><\/figure>\n","protected":false},"excerpt":{"rendered":"<p>Este lunes, en el Sal\u00f3n Dorado del Honorable Concejo Deliberante, el Intendente Cecilio Salazar encabez\u00f3 un acto, junto a representantes de la Escriban\u00eda General de Gobierno del Ministerio de Justicia y Derechos Humanos de la Provincia de Buenos Aires, en el cual se firmaron 47 escrituras sociales correspondientes a familias que realizaron los tr\u00e1mites en [&hellip;]<\/p>\n","protected":false},"author":4,"featured_media":123903,"comment_status":"closed","ping_status":"closed","sticky":false,"template":"","format":"standard","meta":{"om_disable_all_campaigns":false,"_jetpack_memberships_contains_paid_content":false,"footnotes":""},"categories":[50,101,2],"tags":[197,696,33,19],"class_list":["post-123902","post","type-post","status-publish","format-standard","has-post-thumbnail","hentry","category-destacadas","category-interes-general-locales","category-locales","tag-buenos-aires","tag-interes-general","tag-locales","tag-san-pedro"],"aioseo_notices":[],"gutentor_comment":0,"jetpack_featured_media_url":"https:\/\/eldiariodesanpedro.com.ar\/sitio\/wp-content\/uploads\/2023\/11\/Imagen-de-WhatsApp-2023-11-14-a-las-12.19.54_bad9b6c0.jpg","jetpack_shortlink":"https:\/\/wp.me\/p6RhLt-weq","jetpack_sharing_enabled":true,"_links":{"self":[{"href":"https:\/\/eldiariodesanpedro.com.ar\/sitio\/wp-json\/wp\/v2\/posts\/123902","targetHints":{"allow":["GET"]}}],"collection":[{"href":"https:\/\/eldiariodesanpedro.com.ar\/sitio\/wp-json\/wp\/v2\/posts"}],"about":[{"href":"https:\/\/eldiariodesanpedro.com.ar\/sitio\/wp-json\/wp\/v2\/types\/post"}],"author":[{"embeddable":true,"href":"https:\/\/eldiariodesanpedro.com.ar\/sitio\/wp-json\/wp\/v2\/users\/4"}],"replies":[{"embeddable":true,"href":"https:\/\/eldiariodesanpedro.com.ar\/sitio\/wp-json\/wp\/v2\/comments?post=123902"}],"version-history":[{"count":1,"href":"https:\/\/eldiariodesanpedro.com.ar\/sitio\/wp-json\/wp\/v2\/posts\/123902\/revisions"}],"predecessor-version":[{"id":123909,"href":"https:\/\/eldiariodesanpedro.com.ar\/sitio\/wp-json\/wp\/v2\/posts\/123902\/revisions\/123909"}],"wp:featuredmedia":[{"embeddable":true,"href":"https:\/\/eldiariodesanpedro.com.ar\/sitio\/wp-json\/wp\/v2\/media\/123903"}],"wp:attachment":[{"href":"https:\/\/eldiariodesanpedro.com.ar\/sitio\/wp-json\/wp\/v2\/media?parent=123902"}],"wp:term":[{"taxonomy":"category","embeddable":true,"href":"https:\/\/eldiariodesanpedro.com.ar\/sitio\/wp-json\/wp\/v2\/categories?post=123902"},{"taxonomy":"post_tag","embeddable":true,"href":"https:\/\/eldiariodesanpedro.com.ar\/sitio\/wp-json\/wp\/v2\/tags?post=123902"}],"curies":[{"name":"wp","href":"https:\/\/api.w.org\/{rel}","templated":true}]}}