{"id":123895,"date":"2023-11-14T11:48:44","date_gmt":"2023-11-14T14:48:44","guid":{"rendered":"https:\/\/eldiariodesanpedro.com.ar\/sitio\/?p=123895"},"modified":"2023-11-14T11:48:46","modified_gmt":"2023-11-14T14:48:46","slug":"operativo-de-saturacion-en-zona-costanera-dos-motos-secuestradas","status":"publish","type":"post","link":"https:\/\/eldiariodesanpedro.com.ar\/sitio\/operativo-de-saturacion-en-zona-costanera-dos-motos-secuestradas\/","title":{"rendered":"Operativo de saturaci\u00f3n en zona costanera: dos motos secuestradas"},"content":{"rendered":"<!-- VideographyWP Plugin Message: Automatic video embedding prevented by plugin options. -->\n\n<p>Personal de la Comisar\u00eda local realiz\u00f3 un operativo de saturaci\u00f3n junto a inspectores de la Direcci\u00f3n de Tr\u00e1nsito en la zona costanera de la ciudad.&nbsp;<\/p>\n\n\n\n<p>En ese sector, secuestraron dos motocicletas que se encontraban en infracci\u00f3n. De acuerdo al informe oficial, ambos conductores carec\u00edan de la documentaci\u00f3n obligatoria para circular.&nbsp;<a><\/a><\/p>\n\n\n\n<p>Tom\u00f3 intervenci\u00f3n el Juzagdo de Faltas de San Pedro.&nbsp;<\/p>\n","protected":false},"excerpt":{"rendered":"<p>Personal de la Comisar\u00eda local realiz\u00f3 un operativo de saturaci\u00f3n junto a inspectores de la Direcci\u00f3n de Tr\u00e1nsito en la zona costanera de la ciudad.&nbsp; En ese sector, secuestraron dos motocicletas que se encontraban en infracci\u00f3n. De acuerdo al informe oficial, ambos conductores carec\u00edan de la documentaci\u00f3n obligatoria para circular.&nbsp; Tom\u00f3 intervenci\u00f3n el Juzagdo de [&hellip;]<\/p>\n","protected":false},"author":4,"featured_media":123896,"comment_status":"closed","ping_status":"closed","sticky":false,"template":"","format":"standard","meta":{"om_disable_all_campaigns":false,"_jetpack_memberships_contains_paid_content":false,"footnotes":""},"categories":[2,103],"tags":[197,33,95,19],"class_list":["post-123895","post","type-post","status-publish","format-standard","has-post-thumbnail","hentry","category-locales","category-policiales-locales","tag-buenos-aires","tag-locales","tag-policiales","tag-san-pedro"],"aioseo_notices":[],"gutentor_comment":0,"jetpack_featured_media_url":"https:\/\/eldiariodesanpedro.com.ar\/sitio\/wp-content\/uploads\/2023\/11\/Motos-secuestradas-en-operativo-uno.jpg","jetpack_shortlink":"https:\/\/wp.me\/p6RhLt-wej","jetpack_sharing_enabled":true,"_links":{"self":[{"href":"https:\/\/eldiariodesanpedro.com.ar\/sitio\/wp-json\/wp\/v2\/posts\/123895","targetHints":{"allow":["GET"]}}],"collection":[{"href":"https:\/\/eldiariodesanpedro.com.ar\/sitio\/wp-json\/wp\/v2\/posts"}],"about":[{"href":"https:\/\/eldiariodesanpedro.com.ar\/sitio\/wp-json\/wp\/v2\/types\/post"}],"author":[{"embeddable":true,"href":"https:\/\/eldiariodesanpedro.com.ar\/sitio\/wp-json\/wp\/v2\/users\/4"}],"replies":[{"embeddable":true,"href":"https:\/\/eldiariodesanpedro.com.ar\/sitio\/wp-json\/wp\/v2\/comments?post=123895"}],"version-history":[{"count":1,"href":"https:\/\/eldiariodesanpedro.com.ar\/sitio\/wp-json\/wp\/v2\/posts\/123895\/revisions"}],"predecessor-version":[{"id":123897,"href":"https:\/\/eldiariodesanpedro.com.ar\/sitio\/wp-json\/wp\/v2\/posts\/123895\/revisions\/123897"}],"wp:featuredmedia":[{"embeddable":true,"href":"https:\/\/eldiariodesanpedro.com.ar\/sitio\/wp-json\/wp\/v2\/media\/123896"}],"wp:attachment":[{"href":"https:\/\/eldiariodesanpedro.com.ar\/sitio\/wp-json\/wp\/v2\/media?parent=123895"}],"wp:term":[{"taxonomy":"category","embeddable":true,"href":"https:\/\/eldiariodesanpedro.com.ar\/sitio\/wp-json\/wp\/v2\/categories?post=123895"},{"taxonomy":"post_tag","embeddable":true,"href":"https:\/\/eldiariodesanpedro.com.ar\/sitio\/wp-json\/wp\/v2\/tags?post=123895"}],"curies":[{"name":"wp","href":"https:\/\/api.w.org\/{rel}","templated":true}]}}