{"id":123893,"date":"2023-11-14T11:12:11","date_gmt":"2023-11-14T14:12:11","guid":{"rendered":"https:\/\/eldiariodesanpedro.com.ar\/sitio\/?p=123893"},"modified":"2023-11-14T11:12:13","modified_gmt":"2023-11-14T14:12:13","slug":"se-olvido-la-tarjeta-en-el-cajero-y-le-extrajeron-dinero-de-la-cuenta","status":"publish","type":"post","link":"https:\/\/eldiariodesanpedro.com.ar\/sitio\/se-olvido-la-tarjeta-en-el-cajero-y-le-extrajeron-dinero-de-la-cuenta\/","title":{"rendered":"Se olvido la tarjeta en el cajero y le extrajeron dinero de la cuenta"},"content":{"rendered":"<!-- VideographyWP Plugin Message: Automatic video embedding prevented by plugin options. -->\n\n<p>Una mujer de 40 a\u00f1os fue v\u00edctima del robo de parte del dinero que ten\u00eda en su cuenta bancaria, a ra\u00edz de una situaci\u00f3n que se dio el lunes.&nbsp;<\/p>\n\n\n\n<p>En su denuncia, explic\u00f3 que utiliz\u00f3 un cajero autom\u00e1tico de la sucursal local del Banco Provincia (Mitre al 800) para realizar un cambio de la clave personal.&nbsp;<a><\/a><\/p>\n\n\n\n<p>Al retirarse, minutos m\u00e1s tarde, constat\u00f3 a trav\u00e9s de la aplicaci\u00f3n de Cuenta DNI que le hab\u00edan sustra\u00eddo aproximadamente 30 mil pesos. En paralelo, advirti\u00f3 que no hab\u00eda retirado la tarjeta de d\u00e9bido del cajero.&nbsp;<\/p>\n","protected":false},"excerpt":{"rendered":"<p>Una mujer de 40 a\u00f1os fue v\u00edctima del robo de parte del dinero que ten\u00eda en su cuenta bancaria, a ra\u00edz de una situaci\u00f3n que se dio el lunes.&nbsp; En su denuncia, explic\u00f3 que utiliz\u00f3 un cajero autom\u00e1tico de la sucursal local del Banco Provincia (Mitre al 800) para realizar un cambio de la clave [&hellip;]<\/p>\n","protected":false},"author":4,"featured_media":79397,"comment_status":"closed","ping_status":"closed","sticky":false,"template":"","format":"standard","meta":{"om_disable_all_campaigns":false,"_jetpack_memberships_contains_paid_content":false,"footnotes":""},"categories":[2,103],"tags":[],"class_list":["post-123893","post","type-post","status-publish","format-standard","has-post-thumbnail","hentry","category-locales","category-policiales-locales"],"aioseo_notices":[],"gutentor_comment":0,"jetpack_featured_media_url":"https:\/\/eldiariodesanpedro.com.ar\/sitio\/wp-content\/uploads\/2020\/08\/cajero.jpg","jetpack_shortlink":"https:\/\/wp.me\/p6RhLt-weh","jetpack_sharing_enabled":true,"_links":{"self":[{"href":"https:\/\/eldiariodesanpedro.com.ar\/sitio\/wp-json\/wp\/v2\/posts\/123893","targetHints":{"allow":["GET"]}}],"collection":[{"href":"https:\/\/eldiariodesanpedro.com.ar\/sitio\/wp-json\/wp\/v2\/posts"}],"about":[{"href":"https:\/\/eldiariodesanpedro.com.ar\/sitio\/wp-json\/wp\/v2\/types\/post"}],"author":[{"embeddable":true,"href":"https:\/\/eldiariodesanpedro.com.ar\/sitio\/wp-json\/wp\/v2\/users\/4"}],"replies":[{"embeddable":true,"href":"https:\/\/eldiariodesanpedro.com.ar\/sitio\/wp-json\/wp\/v2\/comments?post=123893"}],"version-history":[{"count":1,"href":"https:\/\/eldiariodesanpedro.com.ar\/sitio\/wp-json\/wp\/v2\/posts\/123893\/revisions"}],"predecessor-version":[{"id":123894,"href":"https:\/\/eldiariodesanpedro.com.ar\/sitio\/wp-json\/wp\/v2\/posts\/123893\/revisions\/123894"}],"wp:featuredmedia":[{"embeddable":true,"href":"https:\/\/eldiariodesanpedro.com.ar\/sitio\/wp-json\/wp\/v2\/media\/79397"}],"wp:attachment":[{"href":"https:\/\/eldiariodesanpedro.com.ar\/sitio\/wp-json\/wp\/v2\/media?parent=123893"}],"wp:term":[{"taxonomy":"category","embeddable":true,"href":"https:\/\/eldiariodesanpedro.com.ar\/sitio\/wp-json\/wp\/v2\/categories?post=123893"},{"taxonomy":"post_tag","embeddable":true,"href":"https:\/\/eldiariodesanpedro.com.ar\/sitio\/wp-json\/wp\/v2\/tags?post=123893"}],"curies":[{"name":"wp","href":"https:\/\/api.w.org\/{rel}","templated":true}]}}