{"id":123890,"date":"2023-11-14T10:59:31","date_gmt":"2023-11-14T13:59:31","guid":{"rendered":"https:\/\/eldiariodesanpedro.com.ar\/sitio\/?p=123890"},"modified":"2023-11-14T10:59:32","modified_gmt":"2023-11-14T13:59:32","slug":"malena-sciarra-es-una-emocion-enorme-estar-entre-los-mejores-del-mundo","status":"publish","type":"post","link":"https:\/\/eldiariodesanpedro.com.ar\/sitio\/malena-sciarra-es-una-emocion-enorme-estar-entre-los-mejores-del-mundo\/","title":{"rendered":"Malena Sciarra: \u00abEs una emoci\u00f3n enorme estar entre los mejores del mundo\u00bb"},"content":{"rendered":"<!-- VideographyWP Plugin Message: Automatic video embedding prevented by plugin options. -->\n\n<p>La velerista sampedrina hizo dupla con el experimentado Julio Alsogaray y consiguieron el primer lugar en los Juegos de Santiago de Chile imponi\u00e9ndose a los mejores barcos del continente.<\/p>\n\n\n\n<p>Es la tercera generaci\u00f3n de una familia dedicada desde siempre al Yachting de la ciudad. Ahora le toca a ella escribir su nombre entre los deportistas sampedrinos que alcanzaron logros hist\u00f3ricos.<\/p>\n\n\n\n<p>Malena Sciarra hizo dupla con Julio Alsogaray y se adjudicaron la medalla de oro en los Juegos Panamericanos de Santiago 2023 en la clase Snipe.<\/p>\n\n\n\n<p>La velerista del Club N\u00e1utico San Pedro regres\u00f3 a la ciudad e hizo un relato de c\u00f3mo vivi\u00f3 esos d\u00edas en Chile, su significado, y todo lo que se viene a partir de ahora.<\/p>\n\n\n\n<p>\u00abSab\u00edamos que los Juegos Panamericanos de Chile iba a ser un campeonato dif\u00edcil\u00bb, cont\u00f3 Malena Sciarra en el aire de FM G\u00e9nesis y San Pedro Informa.<\/p>\n\n\n\n<p>\u00ab\u00c9ramos ocho barcos de mucho nivel y al ser tan pocos cada puntito val\u00eda, cada barco contaba, as\u00ed que estuvo muy peleado\u00bb.<\/p>\n\n\n\n<p>\u00abHasta el final no se sab\u00eda qui\u00e9n ganaba\u00bb, destac\u00f3.<\/p>\n\n\n\n<p>\u00abEs una emoci\u00f3n enorme estar entre los mejores del mundo. Soy una agradecida, lo del s\u00e1bado y la caravana fue muy emotivo. Muy agradecida a Cecilio (Salazar), Mariano (Arnal), a todos los amigos\u00bb, resalt\u00f3.<\/p>\n\n\n\n<p>\u00abEmpec\u00e9 a ser entrenadora porque tampoco me quer\u00eda alejar de la familia del ambiente n\u00e1utico\u00bb, asegur\u00f3 Sciarra al recordar c\u00f3mo se fue gestando todo esto.<\/p>\n\n\n\n<p>\u00abA mediados del a\u00f1o pasado, en septiembre, Julio (Alsogaray) me llama para navegar con \u00e9l en la clase Snipe para hacer la campa\u00f1a Panamericana y lo que viene que es el mundial\u00bb.<\/p>\n\n\n\n<p>\u00abLe dije que s\u00ed de entrada, obvio, ni la pens\u00e9, es el objetivo que cualquier deportista tiene, el sue\u00f1o que cualquier deportista tiene y que se pueda transformar en un objetivo, es incre\u00edble\u00bb, manifest\u00f3.<\/p>\n\n\n\n<p>\u00abDesde que arrancamos a navegar, la primera vez que nos subimos al barco pasaron tres d\u00edas y ya arranc\u00f3 el selectivo, as\u00ed que fue todo muy muy seguido y ten\u00edamos que entrenar mucho para ponernos a la par y desde que empezamos no paramos\u00bb.<\/p>\n\n\n\n<p>\u00abFuimos a todos los campeonatos que pudimos, le metimos horas arriba del barco, viajando por todos lados, as\u00ed que bueno, dio sus frutos\u00bb, remarc\u00f3 la campeona Panamericana.<\/p>\n\n\n\n<p>Sobre lo que viene, Sciarra enumer\u00f3: \u00abArrancamos el pr\u00f3ximo campeonato que es en febrero en Mar de Plata y despu\u00e9s vamos hacer el sudamericano, el objetivo principal es el mundial a fin de octubre del a\u00f1o que viene en Buenos Aires\u00bb, adelant\u00f3.<\/p>\n","protected":false},"excerpt":{"rendered":"<p>La velerista sampedrina hizo dupla con el experimentado Julio Alsogaray y consiguieron el primer lugar en los Juegos de Santiago de Chile imponi\u00e9ndose a los mejores barcos del continente. Es la tercera generaci\u00f3n de una familia dedicada desde siempre al Yachting de la ciudad. Ahora le toca a ella escribir su nombre entre los deportistas [&hellip;]<\/p>\n","protected":false},"author":4,"featured_media":123891,"comment_status":"closed","ping_status":"closed","sticky":false,"template":"","format":"standard","meta":{"om_disable_all_campaigns":false,"_jetpack_memberships_contains_paid_content":false,"footnotes":""},"categories":[101,2],"tags":[4595],"class_list":["post-123890","post","type-post","status-publish","format-standard","has-post-thumbnail","hentry","category-interes-general-locales","category-locales","tag-malena-sciarra-es-una-emocion-enorme-estar-entre-los-mejores-del-mundo"],"aioseo_notices":[],"gutentor_comment":0,"jetpack_featured_media_url":"https:\/\/eldiariodesanpedro.com.ar\/sitio\/wp-content\/uploads\/2023\/11\/0000022326-resized-1920x1080-1.jpg","jetpack_shortlink":"https:\/\/wp.me\/p6RhLt-wee","jetpack_sharing_enabled":true,"_links":{"self":[{"href":"https:\/\/eldiariodesanpedro.com.ar\/sitio\/wp-json\/wp\/v2\/posts\/123890","targetHints":{"allow":["GET"]}}],"collection":[{"href":"https:\/\/eldiariodesanpedro.com.ar\/sitio\/wp-json\/wp\/v2\/posts"}],"about":[{"href":"https:\/\/eldiariodesanpedro.com.ar\/sitio\/wp-json\/wp\/v2\/types\/post"}],"author":[{"embeddable":true,"href":"https:\/\/eldiariodesanpedro.com.ar\/sitio\/wp-json\/wp\/v2\/users\/4"}],"replies":[{"embeddable":true,"href":"https:\/\/eldiariodesanpedro.com.ar\/sitio\/wp-json\/wp\/v2\/comments?post=123890"}],"version-history":[{"count":1,"href":"https:\/\/eldiariodesanpedro.com.ar\/sitio\/wp-json\/wp\/v2\/posts\/123890\/revisions"}],"predecessor-version":[{"id":123892,"href":"https:\/\/eldiariodesanpedro.com.ar\/sitio\/wp-json\/wp\/v2\/posts\/123890\/revisions\/123892"}],"wp:featuredmedia":[{"embeddable":true,"href":"https:\/\/eldiariodesanpedro.com.ar\/sitio\/wp-json\/wp\/v2\/media\/123891"}],"wp:attachment":[{"href":"https:\/\/eldiariodesanpedro.com.ar\/sitio\/wp-json\/wp\/v2\/media?parent=123890"}],"wp:term":[{"taxonomy":"category","embeddable":true,"href":"https:\/\/eldiariodesanpedro.com.ar\/sitio\/wp-json\/wp\/v2\/categories?post=123890"},{"taxonomy":"post_tag","embeddable":true,"href":"https:\/\/eldiariodesanpedro.com.ar\/sitio\/wp-json\/wp\/v2\/tags?post=123890"}],"curies":[{"name":"wp","href":"https:\/\/api.w.org\/{rel}","templated":true}]}}