{"id":123884,"date":"2023-11-14T10:31:47","date_gmt":"2023-11-14T13:31:47","guid":{"rendered":"https:\/\/eldiariodesanpedro.com.ar\/sitio\/?p=123884"},"modified":"2023-11-14T10:31:49","modified_gmt":"2023-11-14T13:31:49","slug":"inauguraron-en-cuidadores-de-la-casa-comun-el-centro-juvenil-no400","status":"publish","type":"post","link":"https:\/\/eldiariodesanpedro.com.ar\/sitio\/inauguraron-en-cuidadores-de-la-casa-comun-el-centro-juvenil-no400\/","title":{"rendered":"Inauguraron en \u00abCuidadores de la Casa Com\u00fan\u00bb el Centro Juvenil N\u00ba400"},"content":{"rendered":"<!-- VideographyWP Plugin Message: Automatic video embedding prevented by plugin options. -->\n\n<p>La direcci\u00f3n provincial de Juventudes perteneciente al Ministerio de Desarrollo de la Comunidad, anunci\u00f3 la puesta en marcha del nuevo espacio \u201cCuidadores de la Casa Com\u00fan San Pedro\u201d, en donde se construye un \u00e1rea de contenci\u00f3n, capacitaci\u00f3n e inserci\u00f3n en el mundo laboral para j\u00f3venes de la localidad.&nbsp;<\/p>\n\n\n\n<p>Del acto inaugural particip\u00f3 el director de Pol\u00edticas Solidarias de Juventudes, Felipe Rinesi, junto a la coordinadora Nacional de Cuidadores de la Casa Com\u00fan, Martha Arriola, la presidenta de la cooperativa Cuidadores de la Casa Com\u00fan, Clara Vernet, y las concejalas Tamara Vlaeminck y Florencia S\u00e1nchez Kasta.&nbsp;<a><\/a><\/p>\n\n\n\n<p>All\u00ed conversaron con los protagonistas del lugar acerca de la importancia de la construcci\u00f3n de estos espacios colectivos y sobre las actividades que ya se realizan d\u00eda a d\u00eda, a las que se sumar\u00e1n nuevos talleres.&nbsp;<\/p>\n\n\n\n<p>Los Centros Juveniles son espacios de integraci\u00f3n, formaci\u00f3n y contenci\u00f3n para personas de 14 a 29 a\u00f1os, en donde los j\u00f3venes trabajan tem\u00e1ticas vinculadas a las particularidades de cada comunidad. El programa otorga una beca al municipio u organizaci\u00f3n social para gastos ordinarios de funcionamiento o extraordinarios autorizados por la Direcci\u00f3n.<\/p>\n\n\n\n<p>Cuando comenz\u00f3 la gesti\u00f3n hab\u00eda 187 Centros Juveniles en la Provincia. En la actualidad, son 400 espacios en los que participan m\u00e1s de 16.000 j\u00f3venes y donde realizan actividades educativas, culturales y de capacitaci\u00f3n laboral.<\/p>\n","protected":false},"excerpt":{"rendered":"<p>La direcci\u00f3n provincial de Juventudes perteneciente al Ministerio de Desarrollo de la Comunidad, anunci\u00f3 la puesta en marcha del nuevo espacio \u201cCuidadores de la Casa Com\u00fan San Pedro\u201d, en donde se construye un \u00e1rea de contenci\u00f3n, capacitaci\u00f3n e inserci\u00f3n en el mundo laboral para j\u00f3venes de la localidad.&nbsp; Del acto inaugural particip\u00f3 el director de [&hellip;]<\/p>\n","protected":false},"author":4,"featured_media":123885,"comment_status":"closed","ping_status":"closed","sticky":false,"template":"","format":"standard","meta":{"om_disable_all_campaigns":false,"_jetpack_memberships_contains_paid_content":false,"footnotes":""},"categories":[101,2],"tags":[197,696,33,19],"class_list":["post-123884","post","type-post","status-publish","format-standard","has-post-thumbnail","hentry","category-interes-general-locales","category-locales","tag-buenos-aires","tag-interes-general","tag-locales","tag-san-pedro"],"aioseo_notices":[],"gutentor_comment":0,"jetpack_featured_media_url":"https:\/\/eldiariodesanpedro.com.ar\/sitio\/wp-content\/uploads\/2023\/11\/Centro-Juvenil-San-Pedro.jpeg","jetpack_shortlink":"https:\/\/wp.me\/p6RhLt-we8","jetpack_sharing_enabled":true,"_links":{"self":[{"href":"https:\/\/eldiariodesanpedro.com.ar\/sitio\/wp-json\/wp\/v2\/posts\/123884","targetHints":{"allow":["GET"]}}],"collection":[{"href":"https:\/\/eldiariodesanpedro.com.ar\/sitio\/wp-json\/wp\/v2\/posts"}],"about":[{"href":"https:\/\/eldiariodesanpedro.com.ar\/sitio\/wp-json\/wp\/v2\/types\/post"}],"author":[{"embeddable":true,"href":"https:\/\/eldiariodesanpedro.com.ar\/sitio\/wp-json\/wp\/v2\/users\/4"}],"replies":[{"embeddable":true,"href":"https:\/\/eldiariodesanpedro.com.ar\/sitio\/wp-json\/wp\/v2\/comments?post=123884"}],"version-history":[{"count":1,"href":"https:\/\/eldiariodesanpedro.com.ar\/sitio\/wp-json\/wp\/v2\/posts\/123884\/revisions"}],"predecessor-version":[{"id":123886,"href":"https:\/\/eldiariodesanpedro.com.ar\/sitio\/wp-json\/wp\/v2\/posts\/123884\/revisions\/123886"}],"wp:featuredmedia":[{"embeddable":true,"href":"https:\/\/eldiariodesanpedro.com.ar\/sitio\/wp-json\/wp\/v2\/media\/123885"}],"wp:attachment":[{"href":"https:\/\/eldiariodesanpedro.com.ar\/sitio\/wp-json\/wp\/v2\/media?parent=123884"}],"wp:term":[{"taxonomy":"category","embeddable":true,"href":"https:\/\/eldiariodesanpedro.com.ar\/sitio\/wp-json\/wp\/v2\/categories?post=123884"},{"taxonomy":"post_tag","embeddable":true,"href":"https:\/\/eldiariodesanpedro.com.ar\/sitio\/wp-json\/wp\/v2\/tags?post=123884"}],"curies":[{"name":"wp","href":"https:\/\/api.w.org\/{rel}","templated":true}]}}