{"id":123881,"date":"2023-11-14T10:22:46","date_gmt":"2023-11-14T13:22:46","guid":{"rendered":"https:\/\/eldiariodesanpedro.com.ar\/sitio\/?p=123881"},"modified":"2023-11-14T10:22:48","modified_gmt":"2023-11-14T13:22:48","slug":"abrieron-la-inscripcion-para-el-cbc-de-la-uba","status":"publish","type":"post","link":"https:\/\/eldiariodesanpedro.com.ar\/sitio\/abrieron-la-inscripcion-para-el-cbc-de-la-uba\/","title":{"rendered":"Abrieron la inscripci\u00f3n para el CBC de la UBA"},"content":{"rendered":"<!-- VideographyWP Plugin Message: Automatic video embedding prevented by plugin options. -->\n\n<p>La Universidad Nacional de Buenos (UBA) Aires abre hoy, y hasta el 24 de noviembre, la inscripci\u00f3n al Ciclo B\u00e1sico Com\u00fan (CBC) para alumnos que nunca se hayan inscripto a la universidad y que quieran empezar una carrera en la UBA el a\u00f1o pr\u00f3ximo.<\/p>\n\n\n\n<p>El proceso de inscripci\u00f3n a la UBA tiene 3 pasos: pre-inscripci\u00f3n online (que comienza hoy), presentaci\u00f3n de la documentaci\u00f3n, y selecci\u00f3n de sede y turno en la web del CBC.<a><\/a><\/p>\n\n\n\n<p>La entrega de documentaci\u00f3n, inscripci\u00f3n y selecci\u00f3n de sede y turno tendr\u00e1 dos instancias, la primera desde el 5 al 14 de diciembre y la segunda en el pr\u00f3ximo mes de febrero.<\/p>\n\n\n\n<p>Esta primera etapa de pre-inscripci\u00f3n debe realizarse a trav\u00e9s de la web del CBC hasta el 24 de noviembre de 2023, y los estudiantes deben seguir la gu\u00eda de pasos disponible en la secci\u00f3n de Inscripciones de la web: https:\/\/www.cbc.uba.ar.<\/p>\n\n\n\n<p>El CBC es el primer a\u00f1o de todas las carreras de la UBA. Consta de seis materias, dos seg\u00fan la orientaci\u00f3n, dos espec\u00edficas de la carrera y dos comunes.<\/p>\n\n\n\n<p>Por \u00faltimo, informaron que el ingreso a la UBA es irrestricto y sin examen de ingreso, y los estudios de grado son gratuitos.<\/p>\n","protected":false},"excerpt":{"rendered":"<p>La Universidad Nacional de Buenos (UBA) Aires abre hoy, y hasta el 24 de noviembre, la inscripci\u00f3n al Ciclo B\u00e1sico Com\u00fan (CBC) para alumnos que nunca se hayan inscripto a la universidad y que quieran empezar una carrera en la UBA el a\u00f1o pr\u00f3ximo. El proceso de inscripci\u00f3n a la UBA tiene 3 pasos: pre-inscripci\u00f3n [&hellip;]<\/p>\n","protected":false},"author":4,"featured_media":123882,"comment_status":"closed","ping_status":"closed","sticky":false,"template":"","format":"standard","meta":{"om_disable_all_campaigns":false,"_jetpack_memberships_contains_paid_content":false,"footnotes":""},"categories":[101,2],"tags":[197,696,33,19],"class_list":["post-123881","post","type-post","status-publish","format-standard","has-post-thumbnail","hentry","category-interes-general-locales","category-locales","tag-buenos-aires","tag-interes-general","tag-locales","tag-san-pedro"],"aioseo_notices":[],"gutentor_comment":0,"jetpack_featured_media_url":"https:\/\/eldiariodesanpedro.com.ar\/sitio\/wp-content\/uploads\/2023\/11\/medida-19.png","jetpack_shortlink":"https:\/\/wp.me\/p6RhLt-we5","jetpack_sharing_enabled":true,"_links":{"self":[{"href":"https:\/\/eldiariodesanpedro.com.ar\/sitio\/wp-json\/wp\/v2\/posts\/123881","targetHints":{"allow":["GET"]}}],"collection":[{"href":"https:\/\/eldiariodesanpedro.com.ar\/sitio\/wp-json\/wp\/v2\/posts"}],"about":[{"href":"https:\/\/eldiariodesanpedro.com.ar\/sitio\/wp-json\/wp\/v2\/types\/post"}],"author":[{"embeddable":true,"href":"https:\/\/eldiariodesanpedro.com.ar\/sitio\/wp-json\/wp\/v2\/users\/4"}],"replies":[{"embeddable":true,"href":"https:\/\/eldiariodesanpedro.com.ar\/sitio\/wp-json\/wp\/v2\/comments?post=123881"}],"version-history":[{"count":1,"href":"https:\/\/eldiariodesanpedro.com.ar\/sitio\/wp-json\/wp\/v2\/posts\/123881\/revisions"}],"predecessor-version":[{"id":123883,"href":"https:\/\/eldiariodesanpedro.com.ar\/sitio\/wp-json\/wp\/v2\/posts\/123881\/revisions\/123883"}],"wp:featuredmedia":[{"embeddable":true,"href":"https:\/\/eldiariodesanpedro.com.ar\/sitio\/wp-json\/wp\/v2\/media\/123882"}],"wp:attachment":[{"href":"https:\/\/eldiariodesanpedro.com.ar\/sitio\/wp-json\/wp\/v2\/media?parent=123881"}],"wp:term":[{"taxonomy":"category","embeddable":true,"href":"https:\/\/eldiariodesanpedro.com.ar\/sitio\/wp-json\/wp\/v2\/categories?post=123881"},{"taxonomy":"post_tag","embeddable":true,"href":"https:\/\/eldiariodesanpedro.com.ar\/sitio\/wp-json\/wp\/v2\/tags?post=123881"}],"curies":[{"name":"wp","href":"https:\/\/api.w.org\/{rel}","templated":true}]}}