{"id":123877,"date":"2023-11-14T09:46:11","date_gmt":"2023-11-14T12:46:11","guid":{"rendered":"https:\/\/eldiariodesanpedro.com.ar\/sitio\/?p=123877"},"modified":"2023-11-14T09:46:13","modified_gmt":"2023-11-14T12:46:13","slug":"taller-gratuito-sobre-diabetes-tipo-i-y-alimentacion","status":"publish","type":"post","link":"https:\/\/eldiariodesanpedro.com.ar\/sitio\/taller-gratuito-sobre-diabetes-tipo-i-y-alimentacion\/","title":{"rendered":"Taller Gratuito sobre Diabetes Tipo I y Alimentaci\u00f3n"},"content":{"rendered":"<!-- VideographyWP Plugin Message: Automatic video embedding prevented by plugin options. -->\n\n<p>La Municipalidad de San Pedro, a trav\u00e9s de la Secretar\u00eda de Salud invita al taller \u201cDiabetes Tipo I y Alimentaci\u00f3n\u201d que se llevar\u00e1 a cabo el s\u00e1bado 25 de noviembre a las 9.30 hs. en el Polo de Salud Municipal ubicado en Mitre 375.<\/p>\n\n\n\n<p>La actividad, de acceso gratuito, es coordinada por la Licenciada en Nutrici\u00f3n, Yanina Merino, educadora certificada en diabetes por la SAD, Directora del curso de Nutrici\u00f3n y Educaci\u00f3n en Diabetes de la Universidad Abierta Interamericana y es destinada a personas con diabetes tipo I\u00a0y\u00a0sus\u00a0familias.<\/p>\n\n\n\n<figure class=\"wp-block-image size-full\"><img decoding=\"async\" width=\"504\" height=\"630\" data-attachment-id=\"123878\" data-permalink=\"https:\/\/eldiariodesanpedro.com.ar\/sitio\/taller-gratuito-sobre-diabetes-tipo-i-y-alimentacion\/imagen-de-whatsapp-2023-11-14-a-las-09-15-41_20e8b93d\/\" data-orig-file=\"https:\/\/eldiariodesanpedro.com.ar\/sitio\/wp-content\/uploads\/2023\/11\/Imagen-de-WhatsApp-2023-11-14-a-las-09.15.41_20e8b93d.jpg\" data-orig-size=\"504,630\" data-comments-opened=\"0\" data-image-meta=\"{&quot;aperture&quot;:&quot;0&quot;,&quot;credit&quot;:&quot;&quot;,&quot;camera&quot;:&quot;&quot;,&quot;caption&quot;:&quot;&quot;,&quot;created_timestamp&quot;:&quot;0&quot;,&quot;copyright&quot;:&quot;&quot;,&quot;focal_length&quot;:&quot;0&quot;,&quot;iso&quot;:&quot;0&quot;,&quot;shutter_speed&quot;:&quot;0&quot;,&quot;title&quot;:&quot;&quot;,&quot;orientation&quot;:&quot;0&quot;}\" data-image-title=\"Imagen de WhatsApp 2023-11-14 a las 09.15.41_20e8b93d\" data-image-description=\"\" data-image-caption=\"\" data-large-file=\"https:\/\/eldiariodesanpedro.com.ar\/sitio\/wp-content\/uploads\/2023\/11\/Imagen-de-WhatsApp-2023-11-14-a-las-09.15.41_20e8b93d.jpg\" data-src=\"https:\/\/eldiariodesanpedro.com.ar\/sitio\/wp-content\/uploads\/2023\/11\/Imagen-de-WhatsApp-2023-11-14-a-las-09.15.41_20e8b93d.jpg\" alt=\"\" class=\"wp-image-123878 lazyload\" data-srcset=\"https:\/\/eldiariodesanpedro.com.ar\/sitio\/wp-content\/uploads\/2023\/11\/Imagen-de-WhatsApp-2023-11-14-a-las-09.15.41_20e8b93d.jpg 504w, https:\/\/eldiariodesanpedro.com.ar\/sitio\/wp-content\/uploads\/2023\/11\/Imagen-de-WhatsApp-2023-11-14-a-las-09.15.41_20e8b93d-240x300.jpg 240w\" data-sizes=\"(max-width: 504px) 100vw, 504px\" src=\"data:image\/svg+xml;base64,PHN2ZyB3aWR0aD0iMSIgaGVpZ2h0PSIxIiB4bWxucz0iaHR0cDovL3d3dy53My5vcmcvMjAwMC9zdmciPjwvc3ZnPg==\" style=\"--smush-placeholder-width: 504px; --smush-placeholder-aspect-ratio: 504\/630;\" \/><\/figure>\n","protected":false},"excerpt":{"rendered":"<p>La Municipalidad de San Pedro, a trav\u00e9s de la Secretar\u00eda de Salud invita al taller \u201cDiabetes Tipo I y Alimentaci\u00f3n\u201d que se llevar\u00e1 a cabo el s\u00e1bado 25 de noviembre a las 9.30 hs. en el Polo de Salud Municipal ubicado en Mitre 375. La actividad, de acceso gratuito, es coordinada por la Licenciada en [&hellip;]<\/p>\n","protected":false},"author":4,"featured_media":123879,"comment_status":"closed","ping_status":"closed","sticky":false,"template":"","format":"standard","meta":{"om_disable_all_campaigns":false,"_jetpack_memberships_contains_paid_content":false,"footnotes":""},"categories":[101,2],"tags":[197,696,33,19],"class_list":["post-123877","post","type-post","status-publish","format-standard","has-post-thumbnail","hentry","category-interes-general-locales","category-locales","tag-buenos-aires","tag-interes-general","tag-locales","tag-san-pedro"],"aioseo_notices":[],"gutentor_comment":0,"jetpack_featured_media_url":"https:\/\/eldiariodesanpedro.com.ar\/sitio\/wp-content\/uploads\/2023\/11\/la-diabetes-tipo-1-afecta-funcionalmente-al-cerebro-8756_620x368.webp","jetpack_shortlink":"https:\/\/wp.me\/p6RhLt-we1","jetpack_sharing_enabled":true,"_links":{"self":[{"href":"https:\/\/eldiariodesanpedro.com.ar\/sitio\/wp-json\/wp\/v2\/posts\/123877","targetHints":{"allow":["GET"]}}],"collection":[{"href":"https:\/\/eldiariodesanpedro.com.ar\/sitio\/wp-json\/wp\/v2\/posts"}],"about":[{"href":"https:\/\/eldiariodesanpedro.com.ar\/sitio\/wp-json\/wp\/v2\/types\/post"}],"author":[{"embeddable":true,"href":"https:\/\/eldiariodesanpedro.com.ar\/sitio\/wp-json\/wp\/v2\/users\/4"}],"replies":[{"embeddable":true,"href":"https:\/\/eldiariodesanpedro.com.ar\/sitio\/wp-json\/wp\/v2\/comments?post=123877"}],"version-history":[{"count":1,"href":"https:\/\/eldiariodesanpedro.com.ar\/sitio\/wp-json\/wp\/v2\/posts\/123877\/revisions"}],"predecessor-version":[{"id":123880,"href":"https:\/\/eldiariodesanpedro.com.ar\/sitio\/wp-json\/wp\/v2\/posts\/123877\/revisions\/123880"}],"wp:featuredmedia":[{"embeddable":true,"href":"https:\/\/eldiariodesanpedro.com.ar\/sitio\/wp-json\/wp\/v2\/media\/123879"}],"wp:attachment":[{"href":"https:\/\/eldiariodesanpedro.com.ar\/sitio\/wp-json\/wp\/v2\/media?parent=123877"}],"wp:term":[{"taxonomy":"category","embeddable":true,"href":"https:\/\/eldiariodesanpedro.com.ar\/sitio\/wp-json\/wp\/v2\/categories?post=123877"},{"taxonomy":"post_tag","embeddable":true,"href":"https:\/\/eldiariodesanpedro.com.ar\/sitio\/wp-json\/wp\/v2\/tags?post=123877"}],"curies":[{"name":"wp","href":"https:\/\/api.w.org\/{rel}","templated":true}]}}