{"id":123875,"date":"2023-11-14T09:23:14","date_gmt":"2023-11-14T12:23:14","guid":{"rendered":"https:\/\/eldiariodesanpedro.com.ar\/sitio\/?p=123875"},"modified":"2023-11-14T09:23:17","modified_gmt":"2023-11-14T12:23:17","slug":"campana-de-vacunacion-y-desparasitacion-para-caninos-y-felinos-4","status":"publish","type":"post","link":"https:\/\/eldiariodesanpedro.com.ar\/sitio\/campana-de-vacunacion-y-desparasitacion-para-caninos-y-felinos-4\/","title":{"rendered":"Campa\u00f1a de Vacunaci\u00f3n y desparasitaci\u00f3n para caninos y felinos"},"content":{"rendered":"<!-- VideographyWP Plugin Message: Automatic video embedding prevented by plugin options. -->\n\n<p>La Municipalidad de San Pedro, a trav\u00e9s del Departamento Canino dependiente de la Secretar\u00eda de Salud informa que, continuando con la campa\u00f1a de vacunaci\u00f3n para perros y gatos, el mi\u00e9rcoles 15 de noviembre, entre las 9 y las 12 horas un equipo del \u00e1rea se establecer\u00e1 en la Plaza San Mart\u00edn de Gobernador Castro.<\/p>\n\n\n\n<p>Se invita a quienes deseen acercar a sus mascotas con collar, correa y bozal en caso de caninos y en bolso o manta los felinos. En caso de mal clima la actividad ser\u00e1 reprogramada.<\/p>\n","protected":false},"excerpt":{"rendered":"<p>La Municipalidad de San Pedro, a trav\u00e9s del Departamento Canino dependiente de la Secretar\u00eda de Salud informa que, continuando con la campa\u00f1a de vacunaci\u00f3n para perros y gatos, el mi\u00e9rcoles 15 de noviembre, entre las 9 y las 12 horas un equipo del \u00e1rea se establecer\u00e1 en la Plaza San Mart\u00edn de Gobernador Castro. Se [&hellip;]<\/p>\n","protected":false},"author":4,"featured_media":19434,"comment_status":"closed","ping_status":"closed","sticky":false,"template":"","format":"standard","meta":{"om_disable_all_campaigns":false,"_jetpack_memberships_contains_paid_content":false,"footnotes":""},"categories":[50,101,2],"tags":[197,696,33,19],"class_list":["post-123875","post","type-post","status-publish","format-standard","has-post-thumbnail","hentry","category-destacadas","category-interes-general-locales","category-locales","tag-buenos-aires","tag-interes-general","tag-locales","tag-san-pedro"],"aioseo_notices":[],"gutentor_comment":0,"jetpack_featured_media_url":"https:\/\/eldiariodesanpedro.com.ar\/sitio\/wp-content\/uploads\/2017\/06\/foto-vacunacion.jpg","jetpack_shortlink":"https:\/\/wp.me\/p6RhLt-wdZ","jetpack_sharing_enabled":true,"_links":{"self":[{"href":"https:\/\/eldiariodesanpedro.com.ar\/sitio\/wp-json\/wp\/v2\/posts\/123875","targetHints":{"allow":["GET"]}}],"collection":[{"href":"https:\/\/eldiariodesanpedro.com.ar\/sitio\/wp-json\/wp\/v2\/posts"}],"about":[{"href":"https:\/\/eldiariodesanpedro.com.ar\/sitio\/wp-json\/wp\/v2\/types\/post"}],"author":[{"embeddable":true,"href":"https:\/\/eldiariodesanpedro.com.ar\/sitio\/wp-json\/wp\/v2\/users\/4"}],"replies":[{"embeddable":true,"href":"https:\/\/eldiariodesanpedro.com.ar\/sitio\/wp-json\/wp\/v2\/comments?post=123875"}],"version-history":[{"count":1,"href":"https:\/\/eldiariodesanpedro.com.ar\/sitio\/wp-json\/wp\/v2\/posts\/123875\/revisions"}],"predecessor-version":[{"id":123876,"href":"https:\/\/eldiariodesanpedro.com.ar\/sitio\/wp-json\/wp\/v2\/posts\/123875\/revisions\/123876"}],"wp:featuredmedia":[{"embeddable":true,"href":"https:\/\/eldiariodesanpedro.com.ar\/sitio\/wp-json\/wp\/v2\/media\/19434"}],"wp:attachment":[{"href":"https:\/\/eldiariodesanpedro.com.ar\/sitio\/wp-json\/wp\/v2\/media?parent=123875"}],"wp:term":[{"taxonomy":"category","embeddable":true,"href":"https:\/\/eldiariodesanpedro.com.ar\/sitio\/wp-json\/wp\/v2\/categories?post=123875"},{"taxonomy":"post_tag","embeddable":true,"href":"https:\/\/eldiariodesanpedro.com.ar\/sitio\/wp-json\/wp\/v2\/tags?post=123875"}],"curies":[{"name":"wp","href":"https:\/\/api.w.org\/{rel}","templated":true}]}}