{"id":123871,"date":"2023-11-13T19:27:23","date_gmt":"2023-11-13T22:27:23","guid":{"rendered":"https:\/\/eldiariodesanpedro.com.ar\/sitio\/?p=123871"},"modified":"2023-11-13T19:45:22","modified_gmt":"2023-11-13T22:45:22","slug":"la-nina-de-dos-anos-fue-identificada-como-maia-monzon","status":"publish","type":"post","link":"https:\/\/eldiariodesanpedro.com.ar\/sitio\/la-nina-de-dos-anos-fue-identificada-como-maia-monzon\/","title":{"rendered":"La ni\u00f1a de dos a\u00f1os fue identificada como Maia Monz\u00f3n"},"content":{"rendered":"<!-- VideographyWP Plugin Message: Automatic video embedding prevented by plugin options. -->\n\n<p>La triste noticia que conmociona la ciudad este lunes ocurri\u00f3 pasadas las 17 hs en la esquina de Boulevard Moreno y Bottaro donde una mujer que conduc\u00eda un autom\u00f3vil colisiona con una mujer que circulaba en bicicleta con su hija de 2 a\u00f1os identificada como Maia Monz\u00f3n.<\/p>\n\n\n\n<p>La mujer que conduc\u00eda el autom\u00f3vil traslado en el rodado a la ni\u00f1a junto a su madre a la guardia del hospital local donde lamentablemente ya hab\u00eda llegado sin vida.<\/p>\n\n\n\n<p>A pesar de los intentos de los m\u00e9dicos de reanimar a la ni\u00f1a no se pudo hacer nada.<\/p>\n","protected":false},"excerpt":{"rendered":"<p>La triste noticia que conmociona la ciudad este lunes ocurri\u00f3 pasadas las 17 hs en la esquina de Boulevard Moreno y Bottaro donde una mujer que conduc\u00eda un autom\u00f3vil colisiona con una mujer que circulaba en bicicleta con su hija de 2 a\u00f1os identificada como Maia Monz\u00f3n. La mujer que conduc\u00eda el autom\u00f3vil traslado en [&hellip;]<\/p>\n","protected":false},"author":4,"featured_media":123867,"comment_status":"closed","ping_status":"closed","sticky":false,"template":"","format":"standard","meta":{"om_disable_all_campaigns":false,"_jetpack_memberships_contains_paid_content":false,"footnotes":""},"categories":[50,2,103],"tags":[4593],"class_list":["post-123871","post","type-post","status-publish","format-standard","has-post-thumbnail","hentry","category-destacadas","category-locales","category-policiales-locales","tag-la-nina-de-dos-anos-fue-identificada-como-maia-monzon-de-2-anos"],"aioseo_notices":[],"gutentor_comment":0,"jetpack_featured_media_url":"https:\/\/eldiariodesanpedro.com.ar\/sitio\/wp-content\/uploads\/2023\/11\/Imagen-de-WhatsApp-2023-11-13-a-las-18.41.47_ed20e0d6.jpg","jetpack_shortlink":"https:\/\/wp.me\/p6RhLt-wdV","jetpack_sharing_enabled":true,"_links":{"self":[{"href":"https:\/\/eldiariodesanpedro.com.ar\/sitio\/wp-json\/wp\/v2\/posts\/123871","targetHints":{"allow":["GET"]}}],"collection":[{"href":"https:\/\/eldiariodesanpedro.com.ar\/sitio\/wp-json\/wp\/v2\/posts"}],"about":[{"href":"https:\/\/eldiariodesanpedro.com.ar\/sitio\/wp-json\/wp\/v2\/types\/post"}],"author":[{"embeddable":true,"href":"https:\/\/eldiariodesanpedro.com.ar\/sitio\/wp-json\/wp\/v2\/users\/4"}],"replies":[{"embeddable":true,"href":"https:\/\/eldiariodesanpedro.com.ar\/sitio\/wp-json\/wp\/v2\/comments?post=123871"}],"version-history":[{"count":2,"href":"https:\/\/eldiariodesanpedro.com.ar\/sitio\/wp-json\/wp\/v2\/posts\/123871\/revisions"}],"predecessor-version":[{"id":123873,"href":"https:\/\/eldiariodesanpedro.com.ar\/sitio\/wp-json\/wp\/v2\/posts\/123871\/revisions\/123873"}],"wp:featuredmedia":[{"embeddable":true,"href":"https:\/\/eldiariodesanpedro.com.ar\/sitio\/wp-json\/wp\/v2\/media\/123867"}],"wp:attachment":[{"href":"https:\/\/eldiariodesanpedro.com.ar\/sitio\/wp-json\/wp\/v2\/media?parent=123871"}],"wp:term":[{"taxonomy":"category","embeddable":true,"href":"https:\/\/eldiariodesanpedro.com.ar\/sitio\/wp-json\/wp\/v2\/categories?post=123871"},{"taxonomy":"post_tag","embeddable":true,"href":"https:\/\/eldiariodesanpedro.com.ar\/sitio\/wp-json\/wp\/v2\/tags?post=123871"}],"curies":[{"name":"wp","href":"https:\/\/api.w.org\/{rel}","templated":true}]}}