{"id":123854,"date":"2023-11-13T11:51:07","date_gmt":"2023-11-13T14:51:07","guid":{"rendered":"https:\/\/eldiariodesanpedro.com.ar\/sitio\/?p=123854"},"modified":"2023-11-13T11:51:12","modified_gmt":"2023-11-13T14:51:12","slug":"secuestro-de-una-motocicleta-de-alta-cilindrada-abandonada-en-avenida-espana","status":"publish","type":"post","link":"https:\/\/eldiariodesanpedro.com.ar\/sitio\/secuestro-de-una-motocicleta-de-alta-cilindrada-abandonada-en-avenida-espana\/","title":{"rendered":"Secuestro de una motocicleta de alta cilindrada abandonada en avenida Espa\u00f1a"},"content":{"rendered":"<!-- VideographyWP Plugin Message: Automatic video embedding prevented by plugin options. -->\n\n<p>En la madrugada de hoy, el personal policial de la Comisar\u00eda ubicada en Avenida Espa\u00f1a s\/n llev\u00f3 a cabo el secuestro de una motocicleta de alta cilindrada de la marca Bajaj, de color verde, que fue encontrada abandonada. El veh\u00edculo hab\u00eda sido sustra\u00eddo horas antes en el paseo p\u00fablico y pertenece a un hombre de 29 a\u00f1os, quien ya ha recuperado la propiedad. La Unidad Funcional de Instrucci\u00f3n (UFI) 11 est\u00e1 a cargo de la investigaci\u00f3n.<\/p>\n","protected":false},"excerpt":{"rendered":"<p>En la madrugada de hoy, el personal policial de la Comisar\u00eda ubicada en Avenida Espa\u00f1a s\/n llev\u00f3 a cabo el secuestro de una motocicleta de alta cilindrada de la marca Bajaj, de color verde, que fue encontrada abandonada. El veh\u00edculo hab\u00eda sido sustra\u00eddo horas antes en el paseo p\u00fablico y pertenece a un hombre de [&hellip;]<\/p>\n","protected":false},"author":4,"featured_media":123855,"comment_status":"closed","ping_status":"closed","sticky":false,"template":"","format":"standard","meta":{"om_disable_all_campaigns":false,"_jetpack_memberships_contains_paid_content":false,"footnotes":""},"categories":[2,103],"tags":[197,33,95,19],"class_list":["post-123854","post","type-post","status-publish","format-standard","has-post-thumbnail","hentry","category-locales","category-policiales-locales","tag-buenos-aires","tag-locales","tag-policiales","tag-san-pedro"],"aioseo_notices":[],"gutentor_comment":0,"jetpack_featured_media_url":"https:\/\/eldiariodesanpedro.com.ar\/sitio\/wp-content\/uploads\/2023\/11\/medida-18.png","jetpack_shortlink":"https:\/\/wp.me\/p6RhLt-wdE","jetpack_sharing_enabled":true,"_links":{"self":[{"href":"https:\/\/eldiariodesanpedro.com.ar\/sitio\/wp-json\/wp\/v2\/posts\/123854","targetHints":{"allow":["GET"]}}],"collection":[{"href":"https:\/\/eldiariodesanpedro.com.ar\/sitio\/wp-json\/wp\/v2\/posts"}],"about":[{"href":"https:\/\/eldiariodesanpedro.com.ar\/sitio\/wp-json\/wp\/v2\/types\/post"}],"author":[{"embeddable":true,"href":"https:\/\/eldiariodesanpedro.com.ar\/sitio\/wp-json\/wp\/v2\/users\/4"}],"replies":[{"embeddable":true,"href":"https:\/\/eldiariodesanpedro.com.ar\/sitio\/wp-json\/wp\/v2\/comments?post=123854"}],"version-history":[{"count":1,"href":"https:\/\/eldiariodesanpedro.com.ar\/sitio\/wp-json\/wp\/v2\/posts\/123854\/revisions"}],"predecessor-version":[{"id":123856,"href":"https:\/\/eldiariodesanpedro.com.ar\/sitio\/wp-json\/wp\/v2\/posts\/123854\/revisions\/123856"}],"wp:featuredmedia":[{"embeddable":true,"href":"https:\/\/eldiariodesanpedro.com.ar\/sitio\/wp-json\/wp\/v2\/media\/123855"}],"wp:attachment":[{"href":"https:\/\/eldiariodesanpedro.com.ar\/sitio\/wp-json\/wp\/v2\/media?parent=123854"}],"wp:term":[{"taxonomy":"category","embeddable":true,"href":"https:\/\/eldiariodesanpedro.com.ar\/sitio\/wp-json\/wp\/v2\/categories?post=123854"},{"taxonomy":"post_tag","embeddable":true,"href":"https:\/\/eldiariodesanpedro.com.ar\/sitio\/wp-json\/wp\/v2\/tags?post=123854"}],"curies":[{"name":"wp","href":"https:\/\/api.w.org\/{rel}","templated":true}]}}