{"id":123851,"date":"2023-11-13T11:38:10","date_gmt":"2023-11-13T14:38:10","guid":{"rendered":"https:\/\/eldiariodesanpedro.com.ar\/sitio\/?p=123851"},"modified":"2023-11-13T11:38:12","modified_gmt":"2023-11-13T14:38:12","slug":"se-secuestro-un-automovil-de-una-persona-que-conducia-alcoholizada-y-trato-de-agredir-a-efectivos-policiales","status":"publish","type":"post","link":"https:\/\/eldiariodesanpedro.com.ar\/sitio\/se-secuestro-un-automovil-de-una-persona-que-conducia-alcoholizada-y-trato-de-agredir-a-efectivos-policiales\/","title":{"rendered":"Se secuestro un autom\u00f3vil de una persona que conduc\u00eda alcoholizada y trato de agredir a efectivos policiales"},"content":{"rendered":"<!-- VideographyWP Plugin Message: Automatic video embedding prevented by plugin options. -->\n\n<p>Ayer, en la calle Islas Malvinas al 400 de Pueblo Doyle, el personal del destacamento de Santa Luc\u00eda llev\u00f3 a cabo la aprehensi\u00f3n de un hombre de 47 a\u00f1os. Este individuo, bajo los efectos del alcohol y sin la documentaci\u00f3n correspondiente, fue detenido mientras conduc\u00eda un autom\u00f3vil Volkswagen Suran. Se realiz\u00f3 el acta correspondiente y se procedi\u00f3 al secuestro del veh\u00edculo. <\/p>\n\n\n\n<p>Durante la intervenci\u00f3n, el sujeto opuso resistencia a las autoridades, quienes resultaron ilesos. Posteriormente, el conductor fue notificado y recuper\u00f3 la libertad. <\/p>\n\n\n\n<p>La causa est\u00e1 siendo investigada por la UFI 11 y el Juzgado de Faltas Local en virtud de las infracciones al art\u00edculo 72 y 74 de la Ley 8031, as\u00ed como a la Ley 24.449.<\/p>\n","protected":false},"excerpt":{"rendered":"<p>Ayer, en la calle Islas Malvinas al 400 de Pueblo Doyle, el personal del destacamento de Santa Luc\u00eda llev\u00f3 a cabo la aprehensi\u00f3n de un hombre de 47 a\u00f1os. Este individuo, bajo los efectos del alcohol y sin la documentaci\u00f3n correspondiente, fue detenido mientras conduc\u00eda un autom\u00f3vil Volkswagen Suran. Se realiz\u00f3 el acta correspondiente y [&hellip;]<\/p>\n","protected":false},"author":4,"featured_media":123852,"comment_status":"closed","ping_status":"closed","sticky":false,"template":"","format":"standard","meta":{"om_disable_all_campaigns":false,"_jetpack_memberships_contains_paid_content":false,"footnotes":""},"categories":[2,103],"tags":[197,696,33,19],"class_list":["post-123851","post","type-post","status-publish","format-standard","has-post-thumbnail","hentry","category-locales","category-policiales-locales","tag-buenos-aires","tag-interes-general","tag-locales","tag-san-pedro"],"aioseo_notices":[],"gutentor_comment":0,"jetpack_featured_media_url":"https:\/\/eldiariodesanpedro.com.ar\/sitio\/wp-content\/uploads\/2023\/11\/medida-17.png","jetpack_shortlink":"https:\/\/wp.me\/p6RhLt-wdB","jetpack_sharing_enabled":true,"_links":{"self":[{"href":"https:\/\/eldiariodesanpedro.com.ar\/sitio\/wp-json\/wp\/v2\/posts\/123851","targetHints":{"allow":["GET"]}}],"collection":[{"href":"https:\/\/eldiariodesanpedro.com.ar\/sitio\/wp-json\/wp\/v2\/posts"}],"about":[{"href":"https:\/\/eldiariodesanpedro.com.ar\/sitio\/wp-json\/wp\/v2\/types\/post"}],"author":[{"embeddable":true,"href":"https:\/\/eldiariodesanpedro.com.ar\/sitio\/wp-json\/wp\/v2\/users\/4"}],"replies":[{"embeddable":true,"href":"https:\/\/eldiariodesanpedro.com.ar\/sitio\/wp-json\/wp\/v2\/comments?post=123851"}],"version-history":[{"count":1,"href":"https:\/\/eldiariodesanpedro.com.ar\/sitio\/wp-json\/wp\/v2\/posts\/123851\/revisions"}],"predecessor-version":[{"id":123853,"href":"https:\/\/eldiariodesanpedro.com.ar\/sitio\/wp-json\/wp\/v2\/posts\/123851\/revisions\/123853"}],"wp:featuredmedia":[{"embeddable":true,"href":"https:\/\/eldiariodesanpedro.com.ar\/sitio\/wp-json\/wp\/v2\/media\/123852"}],"wp:attachment":[{"href":"https:\/\/eldiariodesanpedro.com.ar\/sitio\/wp-json\/wp\/v2\/media?parent=123851"}],"wp:term":[{"taxonomy":"category","embeddable":true,"href":"https:\/\/eldiariodesanpedro.com.ar\/sitio\/wp-json\/wp\/v2\/categories?post=123851"},{"taxonomy":"post_tag","embeddable":true,"href":"https:\/\/eldiariodesanpedro.com.ar\/sitio\/wp-json\/wp\/v2\/tags?post=123851"}],"curies":[{"name":"wp","href":"https:\/\/api.w.org\/{rel}","templated":true}]}}