{"id":123848,"date":"2023-11-13T11:24:52","date_gmt":"2023-11-13T14:24:52","guid":{"rendered":"https:\/\/eldiariodesanpedro.com.ar\/sitio\/?p=123848"},"modified":"2023-11-13T11:24:54","modified_gmt":"2023-11-13T14:24:54","slug":"aprehenden-a-dos-personas-y-secuestran-un-automovil-por-amenazas","status":"publish","type":"post","link":"https:\/\/eldiariodesanpedro.com.ar\/sitio\/aprehenden-a-dos-personas-y-secuestran-un-automovil-por-amenazas\/","title":{"rendered":"Aprehenden a dos personas y secuestran un autom\u00f3vil por amenazas"},"content":{"rendered":"<!-- VideographyWP Plugin Message: Automatic video embedding prevented by plugin options. -->\n\n<p>En la jornada de ayer, el personal policial de la Comisar\u00eda ubicada en la intersecci\u00f3n de las calles Col\u00f3n y Depietri llev\u00f3 a cabo la aprehensi\u00f3n de un individuo de 20 a\u00f1os y su compa\u00f1era de 19. Estos individuos, minutos antes, hab\u00edan intimidado a un joven de 23 a\u00f1os y a su familia en una residencia ubicada en una zona rural, utilizando un arma de fuego. Adem\u00e1s, se realiz\u00f3 el secuestro de un autom\u00f3vil de la marca Volkswagen Suran en el que se desplazaban. <\/p>\n\n\n\n<p>Ambos fueron notificados sobre la apertura de la causa, y la mujer fue liberada, mientras que el hombre detenido permanece bajo custodia a la espera de ser interrogado por la fiscal\u00eda correspondiente. La investigaci\u00f3n est\u00e1 a cargo de la Unidad Fiscal de Instrucci\u00f3n n\u00famero 11.<\/p>\n","protected":false},"excerpt":{"rendered":"<p>En la jornada de ayer, el personal policial de la Comisar\u00eda ubicada en la intersecci\u00f3n de las calles Col\u00f3n y Depietri llev\u00f3 a cabo la aprehensi\u00f3n de un individuo de 20 a\u00f1os y su compa\u00f1era de 19. Estos individuos, minutos antes, hab\u00edan intimidado a un joven de 23 a\u00f1os y a su familia en una [&hellip;]<\/p>\n","protected":false},"author":4,"featured_media":123849,"comment_status":"closed","ping_status":"closed","sticky":false,"template":"","format":"standard","meta":{"om_disable_all_campaigns":false,"_jetpack_memberships_contains_paid_content":false,"footnotes":""},"categories":[2,103],"tags":[197,33,95,19],"class_list":["post-123848","post","type-post","status-publish","format-standard","has-post-thumbnail","hentry","category-locales","category-policiales-locales","tag-buenos-aires","tag-locales","tag-policiales","tag-san-pedro"],"aioseo_notices":[],"gutentor_comment":0,"jetpack_featured_media_url":"https:\/\/eldiariodesanpedro.com.ar\/sitio\/wp-content\/uploads\/2023\/11\/medida-16.png","jetpack_shortlink":"https:\/\/wp.me\/p6RhLt-wdy","jetpack_sharing_enabled":true,"_links":{"self":[{"href":"https:\/\/eldiariodesanpedro.com.ar\/sitio\/wp-json\/wp\/v2\/posts\/123848","targetHints":{"allow":["GET"]}}],"collection":[{"href":"https:\/\/eldiariodesanpedro.com.ar\/sitio\/wp-json\/wp\/v2\/posts"}],"about":[{"href":"https:\/\/eldiariodesanpedro.com.ar\/sitio\/wp-json\/wp\/v2\/types\/post"}],"author":[{"embeddable":true,"href":"https:\/\/eldiariodesanpedro.com.ar\/sitio\/wp-json\/wp\/v2\/users\/4"}],"replies":[{"embeddable":true,"href":"https:\/\/eldiariodesanpedro.com.ar\/sitio\/wp-json\/wp\/v2\/comments?post=123848"}],"version-history":[{"count":1,"href":"https:\/\/eldiariodesanpedro.com.ar\/sitio\/wp-json\/wp\/v2\/posts\/123848\/revisions"}],"predecessor-version":[{"id":123850,"href":"https:\/\/eldiariodesanpedro.com.ar\/sitio\/wp-json\/wp\/v2\/posts\/123848\/revisions\/123850"}],"wp:featuredmedia":[{"embeddable":true,"href":"https:\/\/eldiariodesanpedro.com.ar\/sitio\/wp-json\/wp\/v2\/media\/123849"}],"wp:attachment":[{"href":"https:\/\/eldiariodesanpedro.com.ar\/sitio\/wp-json\/wp\/v2\/media?parent=123848"}],"wp:term":[{"taxonomy":"category","embeddable":true,"href":"https:\/\/eldiariodesanpedro.com.ar\/sitio\/wp-json\/wp\/v2\/categories?post=123848"},{"taxonomy":"post_tag","embeddable":true,"href":"https:\/\/eldiariodesanpedro.com.ar\/sitio\/wp-json\/wp\/v2\/tags?post=123848"}],"curies":[{"name":"wp","href":"https:\/\/api.w.org\/{rel}","templated":true}]}}