{"id":123845,"date":"2023-11-13T11:11:35","date_gmt":"2023-11-13T14:11:35","guid":{"rendered":"https:\/\/eldiariodesanpedro.com.ar\/sitio\/?p=123845"},"modified":"2023-11-13T11:11:37","modified_gmt":"2023-11-13T14:11:37","slug":"un-aprehendido-con-un-bidon-de-nafta-que-queria-prender-fuego-una-casa","status":"publish","type":"post","link":"https:\/\/eldiariodesanpedro.com.ar\/sitio\/un-aprehendido-con-un-bidon-de-nafta-que-queria-prender-fuego-una-casa\/","title":{"rendered":"Un aprehendido con un bid\u00f3n de nafta que quer\u00eda prender fuego una casa"},"content":{"rendered":"<!-- VideographyWP Plugin Message: Automatic video embedding prevented by plugin options. -->\n\n<p>En el d\u00eda de ayer, durante el mediod\u00eda, el personal policial de esta dependencia respondi\u00f3 a un llamado en la calle French al 300. All\u00ed, llevaron a cabo la aprehensi\u00f3n de un hombre de 38 a\u00f1os que amenaz\u00f3 con prender fuego a la casa de una vecina utilizando un bid\u00f3n de nafta. Tambi\u00e9n se realiz\u00f3 el secuestro de una bicicleta marca Olmos de color negro, que el individuo hab\u00eda robado previamente en la nueva terminal de \u00f3mnibus. El sujeto fue notificado de la causa y permanece detenido en esta dependencia. En cuanto a la bicicleta, fue devuelta a su propietario. La UFI 11 est\u00e1 a cargo de la investigaci\u00f3n.<\/p>\n","protected":false},"excerpt":{"rendered":"<p>En el d\u00eda de ayer, durante el mediod\u00eda, el personal policial de esta dependencia respondi\u00f3 a un llamado en la calle French al 300. All\u00ed, llevaron a cabo la aprehensi\u00f3n de un hombre de 38 a\u00f1os que amenaz\u00f3 con prender fuego a la casa de una vecina utilizando un bid\u00f3n de nafta. Tambi\u00e9n se realiz\u00f3 [&hellip;]<\/p>\n","protected":false},"author":4,"featured_media":123846,"comment_status":"closed","ping_status":"closed","sticky":false,"template":"","format":"standard","meta":{"om_disable_all_campaigns":false,"_jetpack_memberships_contains_paid_content":false,"footnotes":""},"categories":[2,103],"tags":[197,33,95,19],"class_list":["post-123845","post","type-post","status-publish","format-standard","has-post-thumbnail","hentry","category-locales","category-policiales-locales","tag-buenos-aires","tag-locales","tag-policiales","tag-san-pedro"],"aioseo_notices":[],"gutentor_comment":0,"jetpack_featured_media_url":"https:\/\/eldiariodesanpedro.com.ar\/sitio\/wp-content\/uploads\/2023\/11\/medida-15.png","jetpack_shortlink":"https:\/\/wp.me\/p6RhLt-wdv","jetpack_sharing_enabled":true,"_links":{"self":[{"href":"https:\/\/eldiariodesanpedro.com.ar\/sitio\/wp-json\/wp\/v2\/posts\/123845","targetHints":{"allow":["GET"]}}],"collection":[{"href":"https:\/\/eldiariodesanpedro.com.ar\/sitio\/wp-json\/wp\/v2\/posts"}],"about":[{"href":"https:\/\/eldiariodesanpedro.com.ar\/sitio\/wp-json\/wp\/v2\/types\/post"}],"author":[{"embeddable":true,"href":"https:\/\/eldiariodesanpedro.com.ar\/sitio\/wp-json\/wp\/v2\/users\/4"}],"replies":[{"embeddable":true,"href":"https:\/\/eldiariodesanpedro.com.ar\/sitio\/wp-json\/wp\/v2\/comments?post=123845"}],"version-history":[{"count":1,"href":"https:\/\/eldiariodesanpedro.com.ar\/sitio\/wp-json\/wp\/v2\/posts\/123845\/revisions"}],"predecessor-version":[{"id":123847,"href":"https:\/\/eldiariodesanpedro.com.ar\/sitio\/wp-json\/wp\/v2\/posts\/123845\/revisions\/123847"}],"wp:featuredmedia":[{"embeddable":true,"href":"https:\/\/eldiariodesanpedro.com.ar\/sitio\/wp-json\/wp\/v2\/media\/123846"}],"wp:attachment":[{"href":"https:\/\/eldiariodesanpedro.com.ar\/sitio\/wp-json\/wp\/v2\/media?parent=123845"}],"wp:term":[{"taxonomy":"category","embeddable":true,"href":"https:\/\/eldiariodesanpedro.com.ar\/sitio\/wp-json\/wp\/v2\/categories?post=123845"},{"taxonomy":"post_tag","embeddable":true,"href":"https:\/\/eldiariodesanpedro.com.ar\/sitio\/wp-json\/wp\/v2\/tags?post=123845"}],"curies":[{"name":"wp","href":"https:\/\/api.w.org\/{rel}","templated":true}]}}