{"id":123821,"date":"2023-11-13T10:52:17","date_gmt":"2023-11-13T13:52:17","guid":{"rendered":"https:\/\/eldiariodesanpedro.com.ar\/sitio\/?p=123821"},"modified":"2023-11-13T11:02:52","modified_gmt":"2023-11-13T14:02:52","slug":"caravana-y-reconocimiento-a-los-medallistas-panamericanos","status":"publish","type":"post","link":"https:\/\/eldiariodesanpedro.com.ar\/sitio\/caravana-y-reconocimiento-a-los-medallistas-panamericanos\/","title":{"rendered":"Caravana y reconocimiento a los medallistas panamericanos"},"content":{"rendered":"<!-- VideographyWP Plugin Message: Automatic video embedding prevented by plugin options. -->\n\n<p>Este sabado la Municipalidad de San Pedro rindi\u00f3 homenaje a los deportistas que nos representaron en los Juegos Panamericanos celebrados en la Ciudad de Santiago de Chile.\u00a0<\/p>\n\n\n\n<p>La caravana parti\u00f3 de la intersecci\u00f3n de las calles Lucio Mansilla y Mitre, y en el palacio municipal se llev\u00f3 a cabo el recibimiento por parte del intendente Cecilio Salazar, acompa\u00f1ado all\u00ed por el director de Deportes, Mariano Arnal y el secretario de Gobierno, Mart\u00edn Baraybar.&nbsp;<\/p>\n\n\n\n<p>En el despacho del Jefe Comunal: Eugenia Bosco, Julio Alsogaray, Malena Sciarra, Brenda Rojas, Valent\u00edn Rossi y Candela Raviola (que no pudo estar presente) fueron reconocidos por su destacada participaci\u00f3n representando a la Argentina y San Pedro en los Juegos Panamericanos Santiago 2023.<\/p>\n\n\n\n<iframe data-src=\"https:\/\/www.facebook.com\/plugins\/post.php?href=https%3A%2F%2Fwww.facebook.com%2Fpermalink.php%3Fstory_fbid%3Dpfbid02mdkUuUEvDgejTwYRA4C4qBANJkAamMhg695eGJMdyWfb5cHtvjwmBc88byeT99YWl%26id%3D100071715466562&#038;show_text=true&#038;width=500\" width=\"500\" height=\"250\" style=\"border:none;overflow:hidden\" scrolling=\"no\" frameborder=\"0\" allowfullscreen=\"true\" allow=\"autoplay; clipboard-write; encrypted-media; picture-in-picture; web-share\" src=\"data:image\/svg+xml;base64,PHN2ZyB3aWR0aD0iMSIgaGVpZ2h0PSIxIiB4bWxucz0iaHR0cDovL3d3dy53My5vcmcvMjAwMC9zdmciPjwvc3ZnPg==\" class=\"lazyload\" data-load-mode=\"1\"><\/iframe>\n","protected":false},"excerpt":{"rendered":"<p>Este sabado la Municipalidad de San Pedro rindi\u00f3 homenaje a los deportistas que nos representaron en los Juegos Panamericanos celebrados en la Ciudad de Santiago de Chile.\u00a0 La caravana parti\u00f3 de la intersecci\u00f3n de las calles Lucio Mansilla y Mitre, y en el palacio municipal se llev\u00f3 a cabo el recibimiento por parte del intendente [&hellip;]<\/p>\n","protected":false},"author":4,"featured_media":123828,"comment_status":"closed","ping_status":"closed","sticky":false,"template":"","format":"standard","meta":{"om_disable_all_campaigns":false,"_jetpack_memberships_contains_paid_content":false,"footnotes":""},"categories":[50,101,2],"tags":[197,696,33,19],"class_list":["post-123821","post","type-post","status-publish","format-standard","has-post-thumbnail","hentry","category-destacadas","category-interes-general-locales","category-locales","tag-buenos-aires","tag-interes-general","tag-locales","tag-san-pedro"],"aioseo_notices":[],"gutentor_comment":0,"jetpack_featured_media_url":"https:\/\/eldiariodesanpedro.com.ar\/sitio\/wp-content\/uploads\/2023\/11\/399612262_727844959378554_4366148959016801192_n.jpg","jetpack_shortlink":"https:\/\/wp.me\/p6RhLt-wd7","jetpack_sharing_enabled":true,"_links":{"self":[{"href":"https:\/\/eldiariodesanpedro.com.ar\/sitio\/wp-json\/wp\/v2\/posts\/123821","targetHints":{"allow":["GET"]}}],"collection":[{"href":"https:\/\/eldiariodesanpedro.com.ar\/sitio\/wp-json\/wp\/v2\/posts"}],"about":[{"href":"https:\/\/eldiariodesanpedro.com.ar\/sitio\/wp-json\/wp\/v2\/types\/post"}],"author":[{"embeddable":true,"href":"https:\/\/eldiariodesanpedro.com.ar\/sitio\/wp-json\/wp\/v2\/users\/4"}],"replies":[{"embeddable":true,"href":"https:\/\/eldiariodesanpedro.com.ar\/sitio\/wp-json\/wp\/v2\/comments?post=123821"}],"version-history":[{"count":3,"href":"https:\/\/eldiariodesanpedro.com.ar\/sitio\/wp-json\/wp\/v2\/posts\/123821\/revisions"}],"predecessor-version":[{"id":123844,"href":"https:\/\/eldiariodesanpedro.com.ar\/sitio\/wp-json\/wp\/v2\/posts\/123821\/revisions\/123844"}],"wp:featuredmedia":[{"embeddable":true,"href":"https:\/\/eldiariodesanpedro.com.ar\/sitio\/wp-json\/wp\/v2\/media\/123828"}],"wp:attachment":[{"href":"https:\/\/eldiariodesanpedro.com.ar\/sitio\/wp-json\/wp\/v2\/media?parent=123821"}],"wp:term":[{"taxonomy":"category","embeddable":true,"href":"https:\/\/eldiariodesanpedro.com.ar\/sitio\/wp-json\/wp\/v2\/categories?post=123821"},{"taxonomy":"post_tag","embeddable":true,"href":"https:\/\/eldiariodesanpedro.com.ar\/sitio\/wp-json\/wp\/v2\/tags?post=123821"}],"curies":[{"name":"wp","href":"https:\/\/api.w.org\/{rel}","templated":true}]}}