{"id":123819,"date":"2023-11-13T10:35:57","date_gmt":"2023-11-13T13:35:57","guid":{"rendered":"https:\/\/eldiariodesanpedro.com.ar\/sitio\/?p=123819"},"modified":"2023-11-13T10:36:01","modified_gmt":"2023-11-13T13:36:01","slug":"los-jubilados-de-la-minima-recibiran-un-refuerzo-de-55-mil-pesos-en-diciembre","status":"publish","type":"post","link":"https:\/\/eldiariodesanpedro.com.ar\/sitio\/los-jubilados-de-la-minima-recibiran-un-refuerzo-de-55-mil-pesos-en-diciembre\/","title":{"rendered":"Los jubilados de la m\u00ednima recibir\u00e1n un refuerzo de 55 mil pesos en diciembre"},"content":{"rendered":"<!-- VideographyWP Plugin Message: Automatic video embedding prevented by plugin options. -->\n\n<p>La Administraci\u00f3n Nacional de la Seguridad Social (ANSES) comunica que, seg\u00fan lo establecido en la Ley de Movilidad Jubilatoria, se llevar\u00e1 a cabo el cuarto y \u00faltimo aumento anual, que ser\u00e1 del 20,87%, a partir del 1\u00ba de diciembre.<\/p>\n\n\n\n<p>Este incremento forma parte de la estrategia de ANSES para fortalecer las prestaciones previsionales, buscando mejorar el poder adquisitivo de las jubilaciones y pensiones m\u00ednimas. En el mes de diciembre, los beneficiarios recibir\u00e1n un monto de 55 mil pesos, garantizando que ning\u00fan jubilado o pensionado percibir\u00e1 menos de 160.713 pesos. Este beneficio abarcar\u00e1 al 73% de los titulares, que representan a 5,5 millones de personas.<\/p>\n\n\n\n<p>Adem\u00e1s, el pr\u00f3ximo mes se abonar\u00e1 el medio aguinaldo, lo que significa que aquellos con un haber m\u00ednimo recibir\u00e1n un total de 213.569 pesos (sumando movilidad, refuerzo y medio aguinaldo). En caso de contar con PAMI, tambi\u00e9n se sumar\u00e1n los 15 mil pesos correspondientes al Refuerzo Alimentario de esta obra social.<\/p>\n\n\n\n<p>Los jubilados de la m\u00ednima que se hayan jubilado con 30 a\u00f1os de aportes efectivos (sin moratorias ni Plan de Pago) recibir\u00e1n un complemento equivalente al 82% del Salario M\u00ednimo, Vital y M\u00f3vil (SMVM), totalizando 22.207 pesos. As\u00ed, percibir\u00e1n 182.920 pesos en total (sumando complemento, haber m\u00ednimo, refuerzo y medio aguinaldo).<\/p>\n\n\n\n<p>Este ajuste en la movilidad beneficiar\u00e1 a m\u00e1s de 17 millones de personas, incluyendo a 7,5 millones de jubilados y pensionados, as\u00ed como a titulares de asignaciones universales y familiares (AUH, AAFF, AxE, entre otras).<\/p>\n\n\n\n<p>Con este \u00faltimo aumento, la jubilaci\u00f3n m\u00ednima experimentar\u00e1 un incremento interanual del 167% (diciembre 2022 &#8211; diciembre 2023), superando la tasa de inflaci\u00f3n del per\u00edodo.<\/p>\n\n\n\n<p>Asimismo, este ajuste impactar\u00e1 en la Asignaci\u00f3n Universal por Hijo e Hija (AUH) y la Asignaci\u00f3n por Embarazo, las cuales ascender\u00e1n a 20.661 pesos. Tambi\u00e9n se reflejar\u00e1 en las asignaciones familiares por Prenatal, Nacimiento, Adopci\u00f3n, Matrimonio, C\u00f3nyuge y el Complemento de leche de la Ley de los 1000 d\u00edas.<\/p>\n","protected":false},"excerpt":{"rendered":"<p>La Administraci\u00f3n Nacional de la Seguridad Social (ANSES) comunica que, seg\u00fan lo establecido en la Ley de Movilidad Jubilatoria, se llevar\u00e1 a cabo el cuarto y \u00faltimo aumento anual, que ser\u00e1 del 20,87%, a partir del 1\u00ba de diciembre. Este incremento forma parte de la estrategia de ANSES para fortalecer las prestaciones previsionales, buscando mejorar [&hellip;]<\/p>\n","protected":false},"author":4,"featured_media":6434,"comment_status":"closed","ping_status":"closed","sticky":false,"template":"","format":"standard","meta":{"om_disable_all_campaigns":false,"_jetpack_memberships_contains_paid_content":false,"footnotes":""},"categories":[101,2],"tags":[197,696,33,19],"class_list":["post-123819","post","type-post","status-publish","format-standard","has-post-thumbnail","hentry","category-interes-general-locales","category-locales","tag-buenos-aires","tag-interes-general","tag-locales","tag-san-pedro"],"aioseo_notices":[],"gutentor_comment":0,"jetpack_featured_media_url":"https:\/\/eldiariodesanpedro.com.ar\/sitio\/wp-content\/uploads\/2016\/07\/Reparaci\u00f3n-Hist\u00f3rica-Jubilados-y-Pensionados.jpg","jetpack_shortlink":"https:\/\/wp.me\/p6RhLt-wd5","jetpack_sharing_enabled":true,"_links":{"self":[{"href":"https:\/\/eldiariodesanpedro.com.ar\/sitio\/wp-json\/wp\/v2\/posts\/123819","targetHints":{"allow":["GET"]}}],"collection":[{"href":"https:\/\/eldiariodesanpedro.com.ar\/sitio\/wp-json\/wp\/v2\/posts"}],"about":[{"href":"https:\/\/eldiariodesanpedro.com.ar\/sitio\/wp-json\/wp\/v2\/types\/post"}],"author":[{"embeddable":true,"href":"https:\/\/eldiariodesanpedro.com.ar\/sitio\/wp-json\/wp\/v2\/users\/4"}],"replies":[{"embeddable":true,"href":"https:\/\/eldiariodesanpedro.com.ar\/sitio\/wp-json\/wp\/v2\/comments?post=123819"}],"version-history":[{"count":1,"href":"https:\/\/eldiariodesanpedro.com.ar\/sitio\/wp-json\/wp\/v2\/posts\/123819\/revisions"}],"predecessor-version":[{"id":123820,"href":"https:\/\/eldiariodesanpedro.com.ar\/sitio\/wp-json\/wp\/v2\/posts\/123819\/revisions\/123820"}],"wp:featuredmedia":[{"embeddable":true,"href":"https:\/\/eldiariodesanpedro.com.ar\/sitio\/wp-json\/wp\/v2\/media\/6434"}],"wp:attachment":[{"href":"https:\/\/eldiariodesanpedro.com.ar\/sitio\/wp-json\/wp\/v2\/media?parent=123819"}],"wp:term":[{"taxonomy":"category","embeddable":true,"href":"https:\/\/eldiariodesanpedro.com.ar\/sitio\/wp-json\/wp\/v2\/categories?post=123819"},{"taxonomy":"post_tag","embeddable":true,"href":"https:\/\/eldiariodesanpedro.com.ar\/sitio\/wp-json\/wp\/v2\/tags?post=123819"}],"curies":[{"name":"wp","href":"https:\/\/api.w.org\/{rel}","templated":true}]}}