{"id":123813,"date":"2023-11-10T21:19:23","date_gmt":"2023-11-11T00:19:23","guid":{"rendered":"https:\/\/eldiariodesanpedro.com.ar\/sitio\/?p=123813"},"modified":"2023-11-10T21:19:25","modified_gmt":"2023-11-11T00:19:25","slug":"hablo-el-abogado-de-sanzio-la-justicia-se-apresuro-a-detenerlo","status":"publish","type":"post","link":"https:\/\/eldiariodesanpedro.com.ar\/sitio\/hablo-el-abogado-de-sanzio-la-justicia-se-apresuro-a-detenerlo\/","title":{"rendered":"Habl\u00f3 el abogado de Sanzio: \u00abLa justicia se apresur\u00f3 a detenerlo\u00bb"},"content":{"rendered":"<!-- VideographyWP Plugin Message: Automatic video embedding prevented by plugin options. -->\n\n<p>Felipe Sanzio (19), el mayor de los cinco hijos del intendente de Baradero reelecto en octubre pasado, Esteban \u201cTito\u201d Sanzio, fue detenido este mi\u00e9rcoles en la empresa automotriz en la que trabajaba acusado de ser parte de la banda de delincuentes que asesin\u00f3 al productor porcino Gustavo Desimone (50) durante un robo en su casaquinta en agosto pasado. Este jueves, fue indagado por la fiscal del caso y \u201cneg\u00f3 todo\u201d.<\/p>\n\n\n\n<p>As\u00ed lo revel\u00f3 a la prensa Jorge Lima, el abogado de Sanzio. Dijo que su defendido declar\u00f3 y contest\u00f3 las preguntas que le hizo la fiscal de la UFI N\u00b07 de San Pedro, descentralizada del departamento judicial de San Nicol\u00e1s, Mar\u00eda del Valle Viviani, quien lo acusa como coautor del delito de homicidio criminis causa.<\/p>\n\n\n\n<p>\u201cAdem\u00e1s, neg\u00f3 toda vinculaci\u00f3n con el hecho y present\u00f3 testimonios que demuestran que se encontraba trabajando y volviendo a su domicilio a la hora del hecho. No tuvo nada que ver\u201d, dijo el letrado acerca de lo que hizo su cliente el 30 de agosto pasado, d\u00eda en que mataron al productor porcino: lo hallaron maniatado, encapuchado y con un tiro en la espalda en su propiedad del barrio Colonia Suiza, a metros de la ruta provincial 41, en la zona rural de Baradero.<\/p>\n\n\n\n<p>Adem\u00e1s de Sanzio, en el asesinato estar\u00edan involucrados Fabi\u00e1n \u201cDel Sol\u201d Fern\u00e1ndez, Mat\u00edas Brey, y Ramiro \u201cChinito\u201d Rey Bacareza (ya estaba preso en una sede policial del partido de Z\u00e1rate desde el 6 de septiembre por otro caso de robo.<\/p>\n\n\n\n<p>Fuentes judiciales consultadas por Infobae revelaron que el arresto del joven y sus c\u00f3mplices se dio gracias a un testigo clave, que revel\u00f3 informaci\u00f3n detallada del plan de la banda, qui\u00e9nes estar\u00edan involucrados y el rol que llev\u00f3 a cabo cada uno de ellos.<\/p>\n\n\n\n<p>Ese 30 de agosto, cerca de las 7, que es cuando los investigadores creen que sucedi\u00f3 el crimen, seg\u00fan el abogado de Sanzio, su cliente estaba en viaje a su casa en un colectivo lleno de gente: \u201cHay un transporte de la empresa Toyota que tarda casi una hora en volver. \u00c9l lo tom\u00f3 y se baj\u00f3 con gente. Todo ese recorrido lo tiene acreditado. Yo creo que la Justicia se apresur\u00f3 un poco a detenerlo porque solo tiene el testimonio de una persona, que no es una acusaci\u00f3n directa, porque no vio nada tampoco\u201d.<\/p>\n\n\n\n<p>As\u00ed, Lima y su equipo apuntaron contra el testigo de 22 a\u00f1os de identidad reservada que incrimin\u00f3 a la banda y al hijo del Intendente. \u201cApareci\u00f3 sorpresivamente en el expediente. Se present\u00f3 de manera espont\u00e1nea en la comisar\u00eda en circunstancias que son muy extra\u00f1as para un proceso penal y se le toma una declaraci\u00f3n donde aporta una serie de datos que, m\u00e1s que un testigo, parecer\u00eda que fue la persona que est\u00e1 directamente implicada en el hecho\u201d, sostuvieron.<\/p>\n\n\n\n<p>La hip\u00f3tesis de los letrados es que la detenci\u00f3n de Felipe es fruto de un falso testimonio. \u201cSi bien conoce al resto de los detenidos, no se frecuentaban. A la v\u00edctima, nuestro defendido no la conoc\u00eda\u201d, concluyeron. Sanzio seguir\u00e1 preso.<\/p>\n\n\n\n<p>A esta hora, Brey, Rey Bacareza y Sanzio est\u00e1n acusados como coautores de homicidio criminis causa. Fern\u00e1ndez, en tanto, fue imputado como part\u00edcipe necesario del robo, ya que en el expediente figura que fue \u00e9l quien aport\u00f3 los datos necesarios para comenzar a planificar y luego ejecutar el sangriento robo.<\/p>\n\n\n\n<p>El caso gener\u00f3 conmoci\u00f3n en la localidad que es gobernada por el padre del detenido. Justamente, Esteban Sanzio, quien fue reelecto en octubre pasado como intendente, indic\u00f3 el mismo d\u00eda del arresto de su hijo en un comunicado que, tras ser informado de la detenci\u00f3n, solo puede \u201cmanifestar la perplejidad por la noticia\u201d. Y agreg\u00f3: \u201cDesconozco por completo las razones que generaron la diligencia judicial, pero tengo plena confianza de su inocencia\u201d. Tambi\u00e9n dijo que, para ese entonces, desconoc\u00eda \u201cel contenido de las actuaciones judiciales\u201d.<\/p>\n\n\n\n<p>Fuente: Infobae<\/p>\n","protected":false},"excerpt":{"rendered":"<p>Felipe Sanzio (19), el mayor de los cinco hijos del intendente de Baradero reelecto en octubre pasado, Esteban \u201cTito\u201d Sanzio, fue detenido este mi\u00e9rcoles en la empresa automotriz en la que trabajaba acusado de ser parte de la banda de delincuentes que asesin\u00f3 al productor porcino Gustavo Desimone (50) durante un robo en su casaquinta [&hellip;]<\/p>\n","protected":false},"author":4,"featured_media":123814,"comment_status":"closed","ping_status":"closed","sticky":false,"template":"","format":"standard","meta":{"om_disable_all_campaigns":false,"_jetpack_memberships_contains_paid_content":false,"footnotes":""},"categories":[50,101,2],"tags":[4592],"class_list":["post-123813","post","type-post","status-publish","format-standard","has-post-thumbnail","hentry","category-destacadas","category-interes-general-locales","category-locales","tag-hablo-el-abogado-de-sanzio-la-justicia-se-apresuro-a-detenerlo"],"aioseo_notices":[],"gutentor_comment":0,"jetpack_featured_media_url":"https:\/\/eldiariodesanpedro.com.ar\/sitio\/wp-content\/uploads\/2023\/11\/sanzio-800x445-1.jpg","jetpack_shortlink":"https:\/\/wp.me\/p6RhLt-wcZ","jetpack_sharing_enabled":true,"_links":{"self":[{"href":"https:\/\/eldiariodesanpedro.com.ar\/sitio\/wp-json\/wp\/v2\/posts\/123813","targetHints":{"allow":["GET"]}}],"collection":[{"href":"https:\/\/eldiariodesanpedro.com.ar\/sitio\/wp-json\/wp\/v2\/posts"}],"about":[{"href":"https:\/\/eldiariodesanpedro.com.ar\/sitio\/wp-json\/wp\/v2\/types\/post"}],"author":[{"embeddable":true,"href":"https:\/\/eldiariodesanpedro.com.ar\/sitio\/wp-json\/wp\/v2\/users\/4"}],"replies":[{"embeddable":true,"href":"https:\/\/eldiariodesanpedro.com.ar\/sitio\/wp-json\/wp\/v2\/comments?post=123813"}],"version-history":[{"count":1,"href":"https:\/\/eldiariodesanpedro.com.ar\/sitio\/wp-json\/wp\/v2\/posts\/123813\/revisions"}],"predecessor-version":[{"id":123815,"href":"https:\/\/eldiariodesanpedro.com.ar\/sitio\/wp-json\/wp\/v2\/posts\/123813\/revisions\/123815"}],"wp:featuredmedia":[{"embeddable":true,"href":"https:\/\/eldiariodesanpedro.com.ar\/sitio\/wp-json\/wp\/v2\/media\/123814"}],"wp:attachment":[{"href":"https:\/\/eldiariodesanpedro.com.ar\/sitio\/wp-json\/wp\/v2\/media?parent=123813"}],"wp:term":[{"taxonomy":"category","embeddable":true,"href":"https:\/\/eldiariodesanpedro.com.ar\/sitio\/wp-json\/wp\/v2\/categories?post=123813"},{"taxonomy":"post_tag","embeddable":true,"href":"https:\/\/eldiariodesanpedro.com.ar\/sitio\/wp-json\/wp\/v2\/tags?post=123813"}],"curies":[{"name":"wp","href":"https:\/\/api.w.org\/{rel}","templated":true}]}}