{"id":123810,"date":"2023-11-10T21:10:45","date_gmt":"2023-11-11T00:10:45","guid":{"rendered":"https:\/\/eldiariodesanpedro.com.ar\/sitio\/?p=123810"},"modified":"2023-11-10T21:26:21","modified_gmt":"2023-11-11T00:26:21","slug":"bomberos-de-san-pedro-participaran-en-el-desafio-de-habilidades-bomberiles-2023","status":"publish","type":"post","link":"https:\/\/eldiariodesanpedro.com.ar\/sitio\/bomberos-de-san-pedro-participaran-en-el-desafio-de-habilidades-bomberiles-2023\/","title":{"rendered":"Bomberos de San Pedro participar\u00e1n en el Desaf\u00edo de Habilidades Bomberiles 2023"},"content":{"rendered":"<!-- VideographyWP Plugin Message: Automatic video embedding prevented by plugin options. -->\n\n<p>Organizado por el Consejo Nacional de Bomberos, del viernes 10 al domingo 12 de noviembre. El evento, que alcanza su d\u00e9cima edici\u00f3n, reunir\u00e1 a bomberos voluntarios de todo el pa\u00eds en la ciudad de Plottier, provincia de Neuqu\u00e9n. Los representantes de San Pedro en esta competencia son Luis Torrens, Georgina Barcena, Cristian De Palma y Sergio Novo. La transmisi\u00f3n en vivo de las actividades estar\u00e1 disponible en el Canal YouTube de la organizaci\u00f3n.<\/p>\n\n\n\n<figure class=\"wp-block-image size-full\"><img decoding=\"async\" width=\"473\" height=\"630\" data-attachment-id=\"123817\" data-permalink=\"https:\/\/eldiariodesanpedro.com.ar\/sitio\/bomberos-de-san-pedro-participaran-en-el-desafio-de-habilidades-bomberiles-2023\/imagen-de-whatsapp-2023-11-10-a-las-21-23-11_4fd54ec5\/\" data-orig-file=\"https:\/\/eldiariodesanpedro.com.ar\/sitio\/wp-content\/uploads\/2023\/11\/Imagen-de-WhatsApp-2023-11-10-a-las-21.23.11_4fd54ec5.jpg\" data-orig-size=\"473,630\" data-comments-opened=\"0\" data-image-meta=\"{&quot;aperture&quot;:&quot;0&quot;,&quot;credit&quot;:&quot;&quot;,&quot;camera&quot;:&quot;&quot;,&quot;caption&quot;:&quot;&quot;,&quot;created_timestamp&quot;:&quot;0&quot;,&quot;copyright&quot;:&quot;&quot;,&quot;focal_length&quot;:&quot;0&quot;,&quot;iso&quot;:&quot;0&quot;,&quot;shutter_speed&quot;:&quot;0&quot;,&quot;title&quot;:&quot;&quot;,&quot;orientation&quot;:&quot;0&quot;}\" data-image-title=\"Imagen de WhatsApp 2023-11-10 a las 21.23.11_4fd54ec5\" data-image-description=\"\" data-image-caption=\"\" data-large-file=\"https:\/\/eldiariodesanpedro.com.ar\/sitio\/wp-content\/uploads\/2023\/11\/Imagen-de-WhatsApp-2023-11-10-a-las-21.23.11_4fd54ec5.jpg\" data-src=\"https:\/\/eldiariodesanpedro.com.ar\/sitio\/wp-content\/uploads\/2023\/11\/Imagen-de-WhatsApp-2023-11-10-a-las-21.23.11_4fd54ec5.jpg\" alt=\"\" class=\"wp-image-123817 lazyload\" data-srcset=\"https:\/\/eldiariodesanpedro.com.ar\/sitio\/wp-content\/uploads\/2023\/11\/Imagen-de-WhatsApp-2023-11-10-a-las-21.23.11_4fd54ec5.jpg 473w, https:\/\/eldiariodesanpedro.com.ar\/sitio\/wp-content\/uploads\/2023\/11\/Imagen-de-WhatsApp-2023-11-10-a-las-21.23.11_4fd54ec5-225x300.jpg 225w\" data-sizes=\"(max-width: 473px) 100vw, 473px\" src=\"data:image\/svg+xml;base64,PHN2ZyB3aWR0aD0iMSIgaGVpZ2h0PSIxIiB4bWxucz0iaHR0cDovL3d3dy53My5vcmcvMjAwMC9zdmciPjwvc3ZnPg==\" style=\"--smush-placeholder-width: 473px; --smush-placeholder-aspect-ratio: 473\/630;\" \/><\/figure>\n","protected":false},"excerpt":{"rendered":"<p>Organizado por el Consejo Nacional de Bomberos, del viernes 10 al domingo 12 de noviembre. El evento, que alcanza su d\u00e9cima edici\u00f3n, reunir\u00e1 a bomberos voluntarios de todo el pa\u00eds en la ciudad de Plottier, provincia de Neuqu\u00e9n. Los representantes de San Pedro en esta competencia son Luis Torrens, Georgina Barcena, Cristian De Palma y [&hellip;]<\/p>\n","protected":false},"author":4,"featured_media":123811,"comment_status":"closed","ping_status":"closed","sticky":false,"template":"","format":"standard","meta":{"om_disable_all_campaigns":false,"_jetpack_memberships_contains_paid_content":false,"footnotes":""},"categories":[101,2],"tags":[197,696,33,19],"class_list":["post-123810","post","type-post","status-publish","format-standard","has-post-thumbnail","hentry","category-interes-general-locales","category-locales","tag-buenos-aires","tag-interes-general","tag-locales","tag-san-pedro"],"aioseo_notices":[],"gutentor_comment":0,"jetpack_featured_media_url":"https:\/\/eldiariodesanpedro.com.ar\/sitio\/wp-content\/uploads\/2023\/11\/medida-14.png","jetpack_shortlink":"https:\/\/wp.me\/p6RhLt-wcW","jetpack_sharing_enabled":true,"_links":{"self":[{"href":"https:\/\/eldiariodesanpedro.com.ar\/sitio\/wp-json\/wp\/v2\/posts\/123810","targetHints":{"allow":["GET"]}}],"collection":[{"href":"https:\/\/eldiariodesanpedro.com.ar\/sitio\/wp-json\/wp\/v2\/posts"}],"about":[{"href":"https:\/\/eldiariodesanpedro.com.ar\/sitio\/wp-json\/wp\/v2\/types\/post"}],"author":[{"embeddable":true,"href":"https:\/\/eldiariodesanpedro.com.ar\/sitio\/wp-json\/wp\/v2\/users\/4"}],"replies":[{"embeddable":true,"href":"https:\/\/eldiariodesanpedro.com.ar\/sitio\/wp-json\/wp\/v2\/comments?post=123810"}],"version-history":[{"count":2,"href":"https:\/\/eldiariodesanpedro.com.ar\/sitio\/wp-json\/wp\/v2\/posts\/123810\/revisions"}],"predecessor-version":[{"id":123818,"href":"https:\/\/eldiariodesanpedro.com.ar\/sitio\/wp-json\/wp\/v2\/posts\/123810\/revisions\/123818"}],"wp:featuredmedia":[{"embeddable":true,"href":"https:\/\/eldiariodesanpedro.com.ar\/sitio\/wp-json\/wp\/v2\/media\/123811"}],"wp:attachment":[{"href":"https:\/\/eldiariodesanpedro.com.ar\/sitio\/wp-json\/wp\/v2\/media?parent=123810"}],"wp:term":[{"taxonomy":"category","embeddable":true,"href":"https:\/\/eldiariodesanpedro.com.ar\/sitio\/wp-json\/wp\/v2\/categories?post=123810"},{"taxonomy":"post_tag","embeddable":true,"href":"https:\/\/eldiariodesanpedro.com.ar\/sitio\/wp-json\/wp\/v2\/tags?post=123810"}],"curies":[{"name":"wp","href":"https:\/\/api.w.org\/{rel}","templated":true}]}}