{"id":123804,"date":"2023-11-10T20:27:47","date_gmt":"2023-11-10T23:27:47","guid":{"rendered":"https:\/\/eldiariodesanpedro.com.ar\/sitio\/?p=123804"},"modified":"2023-11-10T20:27:49","modified_gmt":"2023-11-10T23:27:49","slug":"la-municipalidad-firmo-convenio-por-55-nuevas-camaras-de-seguridad-y-el-ingreso-al-programa-integral-de-ciudades-seguras","status":"publish","type":"post","link":"https:\/\/eldiariodesanpedro.com.ar\/sitio\/la-municipalidad-firmo-convenio-por-55-nuevas-camaras-de-seguridad-y-el-ingreso-al-programa-integral-de-ciudades-seguras\/","title":{"rendered":"La municipalidad firmo convenio por 55 nuevas c\u00e1maras de seguridad y el ingreso al \u201cPrograma Integral de Ciudades Seguras\u201d"},"content":{"rendered":"<!-- VideographyWP Plugin Message: Automatic video embedding prevented by plugin options. -->\n\n<p>El Intendente Cecilio Salazar firm\u00f3 un convenio con el Ministro de Seguridad An\u00edbal Fern\u00e1ndez para la recepci\u00f3n de 55 nuevas c\u00e1maras de seguridad, y confirm\u00f3 la inclusi\u00f3n de San Pedro en el \u201cPrograma Integral de Ciudades Seguras\u201d.<\/p>\n\n\n\n<p>El Ministro de Seguridad de la Naci\u00f3n An\u00edbal Fern\u00e1ndez recibi\u00f3 este viernes al Intendente Municipal de San Pedro Cecilio Salazar, para firmar la documentaci\u00f3n correspondiente a la inclusi\u00f3n de nuestra ciudad, en el Programa Federal de Equipamiento Centralizado, (PRO.FED.E.C.) a trav\u00e9s del cual se destinaron, 55 nuevas c\u00e1maras de seguridad para el Centro de Monitoreo.<\/p>\n\n\n\n<p>Cumpliendo con un anticipo realizado por el Intendente y coronando con \u00e9xito las gestiones que se fueron sucediendo durante los \u00faltimos meses, en el d\u00eda de hoy se suscribi\u00f3 un comodato que incluye 55 c\u00e1maras, 30 de ellas fijas, 20 domos y 5 con lector de patentes.<\/p>\n\n\n\n<p>En el encuentro estuvo tambi\u00e9n presente la Secretaria de Seguridad y Pol\u00edtica Criminal del Ministerio de Seguridad de la Naci\u00f3n Mercedes La Gioiosa, que le confirm\u00f3 al Intendente Cecilio Salazar, la inclusi\u00f3n de SAN PEDRO en el \u201cPrograma Integral de Ciudades Seguras\u201d que fue anunciado por el Ministro Sergio Massa para aplicarse en 125 ciudades de m\u00e1s de 50.000 habitantes.<\/p>\n\n\n\n<p>Los municipios recibir\u00e1n 40.000 millones de pesos para ponerlos en marcha en tecnolog\u00eda que va a estar aplicada a la ampliaci\u00f3n del espectro, la conectividad, la log\u00edstica de prevenci\u00f3n y funcionamiento de las fuerzas.<\/p>\n\n\n\n<p>Las c\u00e1maras incluidas en el convenio firmado hoy son parte de otro programa lanzado en junio por el Ministerio que permitir\u00e1 la ampliaci\u00f3n en el corto plazo del Centro de Monitoreo Municipal, que es coordinado por la Secretar\u00eda de Seguridad y que recibe alertas a trav\u00e9s de diferentes v\u00edas y especialmente mediante la aplicaci\u00f3n BASSAP.<\/p>\n\n\n\n<p>El Intendente Salazar agradeci\u00f3 al Ministro este importante progreso en la infraestructura de seguridad que se seguir\u00e1 fortaleciendo en todos sus aspectos para brindar una mayor cobertura a toda&nbsp;la&nbsp;comunidad.<\/p>\n\n\n\n<figure class=\"wp-block-image size-full\"><img decoding=\"async\" width=\"946\" height=\"630\" data-attachment-id=\"123805\" data-permalink=\"https:\/\/eldiariodesanpedro.com.ar\/sitio\/la-municipalidad-firmo-convenio-por-55-nuevas-camaras-de-seguridad-y-el-ingreso-al-programa-integral-de-ciudades-seguras\/imagen-de-whatsapp-2023-11-10-a-las-19-42-08_d79be236\/\" data-orig-file=\"https:\/\/eldiariodesanpedro.com.ar\/sitio\/wp-content\/uploads\/2023\/11\/Imagen-de-WhatsApp-2023-11-10-a-las-19.42.08_d79be236.jpg\" data-orig-size=\"946,630\" data-comments-opened=\"0\" data-image-meta=\"{&quot;aperture&quot;:&quot;0&quot;,&quot;credit&quot;:&quot;&quot;,&quot;camera&quot;:&quot;&quot;,&quot;caption&quot;:&quot;&quot;,&quot;created_timestamp&quot;:&quot;0&quot;,&quot;copyright&quot;:&quot;&quot;,&quot;focal_length&quot;:&quot;0&quot;,&quot;iso&quot;:&quot;0&quot;,&quot;shutter_speed&quot;:&quot;0&quot;,&quot;title&quot;:&quot;&quot;,&quot;orientation&quot;:&quot;0&quot;}\" data-image-title=\"Imagen de WhatsApp 2023-11-10 a las 19.42.08_d79be236\" data-image-description=\"\" data-image-caption=\"\" data-large-file=\"https:\/\/eldiariodesanpedro.com.ar\/sitio\/wp-content\/uploads\/2023\/11\/Imagen-de-WhatsApp-2023-11-10-a-las-19.42.08_d79be236.jpg\" data-src=\"https:\/\/eldiariodesanpedro.com.ar\/sitio\/wp-content\/uploads\/2023\/11\/Imagen-de-WhatsApp-2023-11-10-a-las-19.42.08_d79be236.jpg\" alt=\"\" class=\"wp-image-123805 lazyload\" data-srcset=\"https:\/\/eldiariodesanpedro.com.ar\/sitio\/wp-content\/uploads\/2023\/11\/Imagen-de-WhatsApp-2023-11-10-a-las-19.42.08_d79be236.jpg 946w, https:\/\/eldiariodesanpedro.com.ar\/sitio\/wp-content\/uploads\/2023\/11\/Imagen-de-WhatsApp-2023-11-10-a-las-19.42.08_d79be236-300x200.jpg 300w, https:\/\/eldiariodesanpedro.com.ar\/sitio\/wp-content\/uploads\/2023\/11\/Imagen-de-WhatsApp-2023-11-10-a-las-19.42.08_d79be236-768x511.jpg 768w\" data-sizes=\"(max-width: 946px) 100vw, 946px\" src=\"data:image\/svg+xml;base64,PHN2ZyB3aWR0aD0iMSIgaGVpZ2h0PSIxIiB4bWxucz0iaHR0cDovL3d3dy53My5vcmcvMjAwMC9zdmciPjwvc3ZnPg==\" style=\"--smush-placeholder-width: 946px; --smush-placeholder-aspect-ratio: 946\/630;\" \/><\/figure>\n","protected":false},"excerpt":{"rendered":"<p>El Intendente Cecilio Salazar firm\u00f3 un convenio con el Ministro de Seguridad An\u00edbal Fern\u00e1ndez para la recepci\u00f3n de 55 nuevas c\u00e1maras de seguridad, y confirm\u00f3 la inclusi\u00f3n de San Pedro en el \u201cPrograma Integral de Ciudades Seguras\u201d. El Ministro de Seguridad de la Naci\u00f3n An\u00edbal Fern\u00e1ndez recibi\u00f3 este viernes al Intendente Municipal de San Pedro [&hellip;]<\/p>\n","protected":false},"author":4,"featured_media":123806,"comment_status":"closed","ping_status":"closed","sticky":false,"template":"","format":"standard","meta":{"om_disable_all_campaigns":false,"_jetpack_memberships_contains_paid_content":false,"footnotes":""},"categories":[50,101,2],"tags":[],"class_list":["post-123804","post","type-post","status-publish","format-standard","has-post-thumbnail","hentry","category-destacadas","category-interes-general-locales","category-locales"],"aioseo_notices":[],"gutentor_comment":0,"jetpack_featured_media_url":"https:\/\/eldiariodesanpedro.com.ar\/sitio\/wp-content\/uploads\/2023\/11\/Imagen-de-WhatsApp-2023-11-10-a-las-19.42.09_87a56e15.jpg","jetpack_shortlink":"https:\/\/wp.me\/p6RhLt-wcQ","jetpack_sharing_enabled":true,"_links":{"self":[{"href":"https:\/\/eldiariodesanpedro.com.ar\/sitio\/wp-json\/wp\/v2\/posts\/123804","targetHints":{"allow":["GET"]}}],"collection":[{"href":"https:\/\/eldiariodesanpedro.com.ar\/sitio\/wp-json\/wp\/v2\/posts"}],"about":[{"href":"https:\/\/eldiariodesanpedro.com.ar\/sitio\/wp-json\/wp\/v2\/types\/post"}],"author":[{"embeddable":true,"href":"https:\/\/eldiariodesanpedro.com.ar\/sitio\/wp-json\/wp\/v2\/users\/4"}],"replies":[{"embeddable":true,"href":"https:\/\/eldiariodesanpedro.com.ar\/sitio\/wp-json\/wp\/v2\/comments?post=123804"}],"version-history":[{"count":1,"href":"https:\/\/eldiariodesanpedro.com.ar\/sitio\/wp-json\/wp\/v2\/posts\/123804\/revisions"}],"predecessor-version":[{"id":123809,"href":"https:\/\/eldiariodesanpedro.com.ar\/sitio\/wp-json\/wp\/v2\/posts\/123804\/revisions\/123809"}],"wp:featuredmedia":[{"embeddable":true,"href":"https:\/\/eldiariodesanpedro.com.ar\/sitio\/wp-json\/wp\/v2\/media\/123806"}],"wp:attachment":[{"href":"https:\/\/eldiariodesanpedro.com.ar\/sitio\/wp-json\/wp\/v2\/media?parent=123804"}],"wp:term":[{"taxonomy":"category","embeddable":true,"href":"https:\/\/eldiariodesanpedro.com.ar\/sitio\/wp-json\/wp\/v2\/categories?post=123804"},{"taxonomy":"post_tag","embeddable":true,"href":"https:\/\/eldiariodesanpedro.com.ar\/sitio\/wp-json\/wp\/v2\/tags?post=123804"}],"curies":[{"name":"wp","href":"https:\/\/api.w.org\/{rel}","templated":true}]}}