{"id":123801,"date":"2023-11-10T20:16:51","date_gmt":"2023-11-10T23:16:51","guid":{"rendered":"https:\/\/eldiariodesanpedro.com.ar\/sitio\/?p=123801"},"modified":"2023-11-10T20:16:53","modified_gmt":"2023-11-10T23:16:53","slug":"muestra-anual-y-propuestas-2024-de-los-centros-de-formacion-laboral-en-la-casa-de-la-cultura-del-sec","status":"publish","type":"post","link":"https:\/\/eldiariodesanpedro.com.ar\/sitio\/muestra-anual-y-propuestas-2024-de-los-centros-de-formacion-laboral-en-la-casa-de-la-cultura-del-sec\/","title":{"rendered":"Muestra Anual y propuestas 2024 de los Centros de Formaci\u00f3n Laboral en la Casa de la Cultura del SEC"},"content":{"rendered":"<!-- VideographyWP Plugin Message: Automatic video embedding prevented by plugin options. -->\n\n<p>El Sindicato de Empleados de Comercio tiene el gran orgullo de recibir en su flamante Casa de la Cultura, una muestra que reunir\u00e1 a los Centros de Formaci\u00f3n Laboral que durante todo el a\u00f1o han venido proponiendo capacitaci\u00f3n y desarrollo para nuestra comunidad.<\/p>\n\n\n\n<p>El Centro de Formaci\u00f3n Laboral N\u00b0 402 que funciona en el SEC, el CFL N\u00b0401 que funciona en Avenida Sarmiento y Obligado, y el Centro de Formaci\u00f3n Laboral 403 que coordina la Uni\u00f3n de Trabajadores Gastron\u00f3micos y Hoteleros en su sede, compartir\u00e1n un espacio en el que se repasar\u00e1n las caracter\u00edsticas de los cursos realizados en el 2023 y las propuestas para el 2024.<\/p>\n\n\n\n<p>Ser\u00e1 una extraordinaria oportunidad para que j\u00f3venes y adultos interesados en sumarse a alguna de las opciones disponibles puedan realizar todas las consultas que deseen a profesores y coordinadores de cada uno de estos centros que ofrecen estas alternativas de manera gratuita y con el apoyo del Ministerio de Trabajo, dependiente del Gobierno de la Provincia de Buenos Aires<\/p>\n\n\n\n<p><strong>La convocatoria es para el mi\u00e9rcoles 15 de noviembre, en Mitre 455, de 10 a 12 horas y de 15 a 19 horas y est\u00e1n todos invitados a conocer estas herramientas de formaci\u00f3n p\u00fablicas que constituyen un derecho para los sampedrinos\/as y bonaerenses que desde nuestro sindicato consideramos fundamental defender y visibilizar ante toda la comunidad.<\/strong><\/p>\n\n\n\n<figure class=\"wp-block-image size-full\"><img decoding=\"async\" width=\"740\" height=\"630\" data-attachment-id=\"123802\" data-permalink=\"https:\/\/eldiariodesanpedro.com.ar\/sitio\/muestra-anual-y-propuestas-2024-de-los-centros-de-formacion-laboral-en-la-casa-de-la-cultura-del-sec\/cfl\/\" data-orig-file=\"https:\/\/eldiariodesanpedro.com.ar\/sitio\/wp-content\/uploads\/2023\/11\/cfl.jpeg\" data-orig-size=\"740,630\" data-comments-opened=\"0\" data-image-meta=\"{&quot;aperture&quot;:&quot;0&quot;,&quot;credit&quot;:&quot;&quot;,&quot;camera&quot;:&quot;&quot;,&quot;caption&quot;:&quot;&quot;,&quot;created_timestamp&quot;:&quot;0&quot;,&quot;copyright&quot;:&quot;&quot;,&quot;focal_length&quot;:&quot;0&quot;,&quot;iso&quot;:&quot;0&quot;,&quot;shutter_speed&quot;:&quot;0&quot;,&quot;title&quot;:&quot;&quot;,&quot;orientation&quot;:&quot;0&quot;}\" data-image-title=\"cfl\" data-image-description=\"\" data-image-caption=\"\" data-large-file=\"https:\/\/eldiariodesanpedro.com.ar\/sitio\/wp-content\/uploads\/2023\/11\/cfl.jpeg\" data-src=\"https:\/\/eldiariodesanpedro.com.ar\/sitio\/wp-content\/uploads\/2023\/11\/cfl.jpeg\" alt=\"\" class=\"wp-image-123802 lazyload\" data-srcset=\"https:\/\/eldiariodesanpedro.com.ar\/sitio\/wp-content\/uploads\/2023\/11\/cfl.jpeg 740w, https:\/\/eldiariodesanpedro.com.ar\/sitio\/wp-content\/uploads\/2023\/11\/cfl-300x255.jpeg 300w\" data-sizes=\"(max-width: 740px) 100vw, 740px\" src=\"data:image\/svg+xml;base64,PHN2ZyB3aWR0aD0iMSIgaGVpZ2h0PSIxIiB4bWxucz0iaHR0cDovL3d3dy53My5vcmcvMjAwMC9zdmciPjwvc3ZnPg==\" style=\"--smush-placeholder-width: 740px; --smush-placeholder-aspect-ratio: 740\/630;\" \/><\/figure>\n","protected":false},"excerpt":{"rendered":"<p>El Sindicato de Empleados de Comercio tiene el gran orgullo de recibir en su flamante Casa de la Cultura, una muestra que reunir\u00e1 a los Centros de Formaci\u00f3n Laboral que durante todo el a\u00f1o han venido proponiendo capacitaci\u00f3n y desarrollo para nuestra comunidad. El Centro de Formaci\u00f3n Laboral N\u00b0 402 que funciona en el SEC, [&hellip;]<\/p>\n","protected":false},"author":4,"featured_media":115590,"comment_status":"closed","ping_status":"closed","sticky":false,"template":"","format":"standard","meta":{"om_disable_all_campaigns":false,"_jetpack_memberships_contains_paid_content":false,"footnotes":""},"categories":[101,2],"tags":[197,696,33,19],"class_list":["post-123801","post","type-post","status-publish","format-standard","has-post-thumbnail","hentry","category-interes-general-locales","category-locales","tag-buenos-aires","tag-interes-general","tag-locales","tag-san-pedro"],"aioseo_notices":[],"gutentor_comment":0,"jetpack_featured_media_url":"https:\/\/eldiariodesanpedro.com.ar\/sitio\/wp-content\/uploads\/2023\/03\/sec8.jpeg","jetpack_shortlink":"https:\/\/wp.me\/p6RhLt-wcN","jetpack_sharing_enabled":true,"_links":{"self":[{"href":"https:\/\/eldiariodesanpedro.com.ar\/sitio\/wp-json\/wp\/v2\/posts\/123801","targetHints":{"allow":["GET"]}}],"collection":[{"href":"https:\/\/eldiariodesanpedro.com.ar\/sitio\/wp-json\/wp\/v2\/posts"}],"about":[{"href":"https:\/\/eldiariodesanpedro.com.ar\/sitio\/wp-json\/wp\/v2\/types\/post"}],"author":[{"embeddable":true,"href":"https:\/\/eldiariodesanpedro.com.ar\/sitio\/wp-json\/wp\/v2\/users\/4"}],"replies":[{"embeddable":true,"href":"https:\/\/eldiariodesanpedro.com.ar\/sitio\/wp-json\/wp\/v2\/comments?post=123801"}],"version-history":[{"count":1,"href":"https:\/\/eldiariodesanpedro.com.ar\/sitio\/wp-json\/wp\/v2\/posts\/123801\/revisions"}],"predecessor-version":[{"id":123803,"href":"https:\/\/eldiariodesanpedro.com.ar\/sitio\/wp-json\/wp\/v2\/posts\/123801\/revisions\/123803"}],"wp:featuredmedia":[{"embeddable":true,"href":"https:\/\/eldiariodesanpedro.com.ar\/sitio\/wp-json\/wp\/v2\/media\/115590"}],"wp:attachment":[{"href":"https:\/\/eldiariodesanpedro.com.ar\/sitio\/wp-json\/wp\/v2\/media?parent=123801"}],"wp:term":[{"taxonomy":"category","embeddable":true,"href":"https:\/\/eldiariodesanpedro.com.ar\/sitio\/wp-json\/wp\/v2\/categories?post=123801"},{"taxonomy":"post_tag","embeddable":true,"href":"https:\/\/eldiariodesanpedro.com.ar\/sitio\/wp-json\/wp\/v2\/tags?post=123801"}],"curies":[{"name":"wp","href":"https:\/\/api.w.org\/{rel}","templated":true}]}}