{"id":123798,"date":"2023-11-10T14:48:53","date_gmt":"2023-11-10T17:48:53","guid":{"rendered":"https:\/\/eldiariodesanpedro.com.ar\/sitio\/?p=123798"},"modified":"2023-11-10T14:48:56","modified_gmt":"2023-11-10T17:48:56","slug":"estrenan-espejo-de-mil-canciones-el-documental-de-musica-esperanza","status":"publish","type":"post","link":"https:\/\/eldiariodesanpedro.com.ar\/sitio\/estrenan-espejo-de-mil-canciones-el-documental-de-musica-esperanza\/","title":{"rendered":"Estrenan \u00abEspejo de mil canciones\u00bb, el documental de M\u00fasica Esperanza"},"content":{"rendered":"<!-- VideographyWP Plugin Message: Automatic video embedding prevented by plugin options. -->\n\n<p>Este viernes 10 de noviembre, a las 19 horas, se estrena en la Biblioteca Popular Rafael Obligado el documental de M\u00fasica Esperanza, el proyecto de ense\u00f1anza musical en el paraje hist\u00f3rico de Vuelta de Obligado.<\/p>\n\n\n\n<p>\u00abEspejo de mil canciones\u00bb es una pel\u00edcula documental producida por una catedra de la Facultad de Artes de la Universidad Nacional de La Plata sobre M\u00fasica Esperanza Vuelta de Obligado.<a><\/a><\/p>\n\n\n\n<p>La propuesta parte de la grabaci\u00f3n de un videoclip con un estudio profesional m\u00f3vil instalado en la escuela del pueblo como eje para contar c\u00f3mo se lleg\u00f3 hasta all\u00ed: lo que signific\u00f3 para la comunidad el camino recorrido con este proyecto de m\u00fasica que gener\u00f3 experiencias inimaginables tiempo antes.<\/p>\n\n\n\n<p>Luego de la proyecci\u00f3n habr\u00e1 un cierre musical a cargo de los chicos que actualmente conforman el taller de M\u00fasica Esperanza. Es con entrada libre y gratuita, y se agradece la colaboraci\u00f3n con un alimento no perecedero, que ser\u00e1 donado a un comedor comunitario.<\/p>\n","protected":false},"excerpt":{"rendered":"<p>Este viernes 10 de noviembre, a las 19 horas, se estrena en la Biblioteca Popular Rafael Obligado el documental de M\u00fasica Esperanza, el proyecto de ense\u00f1anza musical en el paraje hist\u00f3rico de Vuelta de Obligado. \u00abEspejo de mil canciones\u00bb es una pel\u00edcula documental producida por una catedra de la Facultad de Artes de la Universidad [&hellip;]<\/p>\n","protected":false},"author":4,"featured_media":123799,"comment_status":"closed","ping_status":"closed","sticky":false,"template":"","format":"standard","meta":{"om_disable_all_campaigns":false,"_jetpack_memberships_contains_paid_content":false,"footnotes":""},"categories":[101,2],"tags":[197,696,33,19],"class_list":["post-123798","post","type-post","status-publish","format-standard","has-post-thumbnail","hentry","category-interes-general-locales","category-locales","tag-buenos-aires","tag-interes-general","tag-locales","tag-san-pedro"],"aioseo_notices":[],"gutentor_comment":0,"jetpack_featured_media_url":"https:\/\/eldiariodesanpedro.com.ar\/sitio\/wp-content\/uploads\/2023\/11\/Musica-Esperanza-.jpg","jetpack_shortlink":"https:\/\/wp.me\/p6RhLt-wcK","jetpack_sharing_enabled":true,"_links":{"self":[{"href":"https:\/\/eldiariodesanpedro.com.ar\/sitio\/wp-json\/wp\/v2\/posts\/123798","targetHints":{"allow":["GET"]}}],"collection":[{"href":"https:\/\/eldiariodesanpedro.com.ar\/sitio\/wp-json\/wp\/v2\/posts"}],"about":[{"href":"https:\/\/eldiariodesanpedro.com.ar\/sitio\/wp-json\/wp\/v2\/types\/post"}],"author":[{"embeddable":true,"href":"https:\/\/eldiariodesanpedro.com.ar\/sitio\/wp-json\/wp\/v2\/users\/4"}],"replies":[{"embeddable":true,"href":"https:\/\/eldiariodesanpedro.com.ar\/sitio\/wp-json\/wp\/v2\/comments?post=123798"}],"version-history":[{"count":1,"href":"https:\/\/eldiariodesanpedro.com.ar\/sitio\/wp-json\/wp\/v2\/posts\/123798\/revisions"}],"predecessor-version":[{"id":123800,"href":"https:\/\/eldiariodesanpedro.com.ar\/sitio\/wp-json\/wp\/v2\/posts\/123798\/revisions\/123800"}],"wp:featuredmedia":[{"embeddable":true,"href":"https:\/\/eldiariodesanpedro.com.ar\/sitio\/wp-json\/wp\/v2\/media\/123799"}],"wp:attachment":[{"href":"https:\/\/eldiariodesanpedro.com.ar\/sitio\/wp-json\/wp\/v2\/media?parent=123798"}],"wp:term":[{"taxonomy":"category","embeddable":true,"href":"https:\/\/eldiariodesanpedro.com.ar\/sitio\/wp-json\/wp\/v2\/categories?post=123798"},{"taxonomy":"post_tag","embeddable":true,"href":"https:\/\/eldiariodesanpedro.com.ar\/sitio\/wp-json\/wp\/v2\/tags?post=123798"}],"curies":[{"name":"wp","href":"https:\/\/api.w.org\/{rel}","templated":true}]}}