{"id":123757,"date":"2023-11-09T14:29:33","date_gmt":"2023-11-09T17:29:33","guid":{"rendered":"https:\/\/eldiariodesanpedro.com.ar\/sitio\/?p=123757"},"modified":"2023-11-09T14:31:48","modified_gmt":"2023-11-09T17:31:48","slug":"detencion-por-robo-de-vehiculo-abandonado-en-la-calle-tras-allanamiento","status":"publish","type":"post","link":"https:\/\/eldiariodesanpedro.com.ar\/sitio\/detencion-por-robo-de-vehiculo-abandonado-en-la-calle-tras-allanamiento\/","title":{"rendered":"Detenci\u00f3n por robo de veh\u00edculo abandonado en la calle tras allanamiento"},"content":{"rendered":"<!-- VideographyWP Plugin Message: Automatic video embedding prevented by plugin options. -->\n\n<p>Este martes, el Grupo T\u00e1ctico Operativo (GTO) ha identificado a los responsables del robo de un veh\u00edculo abandonado en la v\u00eda p\u00fablica. En colaboraci\u00f3n con la Unidad T\u00e1ctica GAD San Pedro, se ha llevado a cabo una orden de allanamiento emitida por el Juzgado de Garant\u00edas N\u00b002 del Departamento Judicial San Nicol\u00e1s a solicitud de la Unidad Funcional de Instrucci\u00f3n y Juicio N\u00b0 11 de San Pedro, a cargo de la Dra. Ramos Viviana. El allanamiento se realiz\u00f3 en una vivienda ubicada en la calle Hermano Indio al 2000, donde se detuvo a un hombre de 38 a\u00f1os y a su pareja de 26 a\u00f1os, quienes son los responsables del delito mencionado anteriormente.<\/p>\n\n\n\n<p>La diligencia fue exitosa y condujo al secuestro de prendas de vestir y una motocicleta de la marca Motomel, modelo Skua, que fueron utilizadas en la comisi\u00f3n del delito. El caso est\u00e1 bajo la supervisi\u00f3n de la UFI N\u00b0 11.<\/p>\n","protected":false},"excerpt":{"rendered":"<p>Este martes, el Grupo T\u00e1ctico Operativo (GTO) ha identificado a los responsables del robo de un veh\u00edculo abandonado en la v\u00eda p\u00fablica. En colaboraci\u00f3n con la Unidad T\u00e1ctica GAD San Pedro, se ha llevado a cabo una orden de allanamiento emitida por el Juzgado de Garant\u00edas N\u00b002 del Departamento Judicial San Nicol\u00e1s a solicitud de [&hellip;]<\/p>\n","protected":false},"author":4,"featured_media":123758,"comment_status":"closed","ping_status":"closed","sticky":false,"template":"","format":"standard","meta":{"om_disable_all_campaigns":false,"_jetpack_memberships_contains_paid_content":false,"footnotes":""},"categories":[50,101,2],"tags":[197,696,33,19],"class_list":["post-123757","post","type-post","status-publish","format-standard","has-post-thumbnail","hentry","category-destacadas","category-interes-general-locales","category-locales","tag-buenos-aires","tag-interes-general","tag-locales","tag-san-pedro"],"aioseo_notices":[],"gutentor_comment":0,"jetpack_featured_media_url":"https:\/\/eldiariodesanpedro.com.ar\/sitio\/wp-content\/uploads\/2023\/11\/medida-9.png","jetpack_shortlink":"https:\/\/wp.me\/p6RhLt-wc5","jetpack_sharing_enabled":true,"_links":{"self":[{"href":"https:\/\/eldiariodesanpedro.com.ar\/sitio\/wp-json\/wp\/v2\/posts\/123757","targetHints":{"allow":["GET"]}}],"collection":[{"href":"https:\/\/eldiariodesanpedro.com.ar\/sitio\/wp-json\/wp\/v2\/posts"}],"about":[{"href":"https:\/\/eldiariodesanpedro.com.ar\/sitio\/wp-json\/wp\/v2\/types\/post"}],"author":[{"embeddable":true,"href":"https:\/\/eldiariodesanpedro.com.ar\/sitio\/wp-json\/wp\/v2\/users\/4"}],"replies":[{"embeddable":true,"href":"https:\/\/eldiariodesanpedro.com.ar\/sitio\/wp-json\/wp\/v2\/comments?post=123757"}],"version-history":[{"count":2,"href":"https:\/\/eldiariodesanpedro.com.ar\/sitio\/wp-json\/wp\/v2\/posts\/123757\/revisions"}],"predecessor-version":[{"id":123760,"href":"https:\/\/eldiariodesanpedro.com.ar\/sitio\/wp-json\/wp\/v2\/posts\/123757\/revisions\/123760"}],"wp:featuredmedia":[{"embeddable":true,"href":"https:\/\/eldiariodesanpedro.com.ar\/sitio\/wp-json\/wp\/v2\/media\/123758"}],"wp:attachment":[{"href":"https:\/\/eldiariodesanpedro.com.ar\/sitio\/wp-json\/wp\/v2\/media?parent=123757"}],"wp:term":[{"taxonomy":"category","embeddable":true,"href":"https:\/\/eldiariodesanpedro.com.ar\/sitio\/wp-json\/wp\/v2\/categories?post=123757"},{"taxonomy":"post_tag","embeddable":true,"href":"https:\/\/eldiariodesanpedro.com.ar\/sitio\/wp-json\/wp\/v2\/tags?post=123757"}],"curies":[{"name":"wp","href":"https:\/\/api.w.org\/{rel}","templated":true}]}}