{"id":123750,"date":"2023-11-09T14:12:11","date_gmt":"2023-11-09T17:12:11","guid":{"rendered":"https:\/\/eldiariodesanpedro.com.ar\/sitio\/?p=123750"},"modified":"2023-11-09T14:12:13","modified_gmt":"2023-11-09T17:12:13","slug":"masculinidades-cierre-del-ciclo-de-charlas-2023-en-escuelas-rurales-de-san-pedro","status":"publish","type":"post","link":"https:\/\/eldiariodesanpedro.com.ar\/sitio\/masculinidades-cierre-del-ciclo-de-charlas-2023-en-escuelas-rurales-de-san-pedro\/","title":{"rendered":"Masculinidades: Cierre del ciclo de charlas 2023 en escuelas rurales de San Pedro"},"content":{"rendered":"<!-- VideographyWP Plugin Message: Automatic video embedding prevented by plugin options. -->\n\n<p>El dispositivo Nuevas Masculinidades de la Secretar\u00eda de Pol\u00edticas de G\u00e9nero, Mujeres y Diversidad de la Municipalidad de San Pedro cumpliment\u00f3 el cronograma de charlas en escuelas rurales del partido de San Pedro, como parte de las actividades de concientizaci\u00f3n y visibilizaci\u00f3n de las tem\u00e1ticas que propone el \u00e1rea encabezada por Laura Monfasani.<\/p>\n\n\n\n<p>El ciclo de prevenci\u00f3n primaria de violencias por razones de g\u00e9nero y nuevas masculinidades est\u00e1 destinado a estudiantes, docentes y familiares de las comunidades educativas rurales. A trav\u00e9s de actividades l\u00fadicas y recreativas, el ciclo apunta a desandar estereotipos de g\u00e9nero y formas de vincularse hist\u00f3ricamente aprehendidas, por nuevos v\u00ednculos basados en el respeto y la igualdad.<\/p>\n\n\n\n<p>El \u00faltimo de los establecimientos abordados en este 2023 en el marco de este proyecto en particular, que se suma a las charlas en escuelas a cargo de otros equipos del \u00e1rea, tuvo lugar en la EEP N\u00b018, y cont\u00f3 con la presencia de la Tec. Sof\u00eda Gonz\u00e1lez y el Ps. Gregorio R\u00edos Giansone. El proyecto fue liderado adem\u00e1s, en gran parte, por los Lic. Pablo de Igarz\u00e1bal y Luc\u00eda David, permitiendo llegar a estudiantes, docentes y familias del \u00e1mbito rural.<\/p>\n\n\n\n<p>Fueron 20 los establecimientos primarios alcanzados en este 2023, en el marco de este proyecto. Se trata de: EP 28 (Paraje Beladrich); EP 29 (Paraje Ing. Moneta); EP 20 (Paraje Villa Sarita); EP 30 (Paraje La Celina); EP 41 (Paraje Tablas); EP 36 (Paraje La Matilda); EP 39 (Paraje El Ideal); EP 21 (Paraje Colegiales); EP 17 (Paraje El Descanso); EP 14 (Paraje El Espinillo); EP 19 (Paraje Villa Leandra); EP 15 (Paraje Vuelta de Obligado); EP 42 (Paraje Almac\u00e9n Basso); EP 24 (Paraje La Buena Moza); EP 34 (Paraje Villa Jard\u00edn); EP 16 (Paraje del Pardo); EP 45 (Bajo Tala), EP 18 (Paraje El Centro); EP 26 (Santa Luc\u00eda) y EP 8 (Paraje\u00a0La\u00a0Estrella).<\/p>\n\n\n\n<figure class=\"wp-block-image size-full\"><img decoding=\"async\" width=\"840\" height=\"630\" data-attachment-id=\"123753\" data-permalink=\"https:\/\/eldiariodesanpedro.com.ar\/sitio\/masculinidades-cierre-del-ciclo-de-charlas-2023-en-escuelas-rurales-de-san-pedro\/imagen-de-whatsapp-2023-11-09-a-las-12-58-55_48aa4ffc\/\" data-orig-file=\"https:\/\/eldiariodesanpedro.com.ar\/sitio\/wp-content\/uploads\/2023\/11\/Imagen-de-WhatsApp-2023-11-09-a-las-12.58.55_48aa4ffc.jpg\" data-orig-size=\"840,630\" data-comments-opened=\"0\" data-image-meta=\"{&quot;aperture&quot;:&quot;0&quot;,&quot;credit&quot;:&quot;&quot;,&quot;camera&quot;:&quot;&quot;,&quot;caption&quot;:&quot;&quot;,&quot;created_timestamp&quot;:&quot;0&quot;,&quot;copyright&quot;:&quot;&quot;,&quot;focal_length&quot;:&quot;0&quot;,&quot;iso&quot;:&quot;0&quot;,&quot;shutter_speed&quot;:&quot;0&quot;,&quot;title&quot;:&quot;&quot;,&quot;orientation&quot;:&quot;0&quot;}\" data-image-title=\"Imagen de WhatsApp 2023-11-09 a las 12.58.55_48aa4ffc\" data-image-description=\"\" data-image-caption=\"\" data-large-file=\"https:\/\/eldiariodesanpedro.com.ar\/sitio\/wp-content\/uploads\/2023\/11\/Imagen-de-WhatsApp-2023-11-09-a-las-12.58.55_48aa4ffc.jpg\" data-src=\"https:\/\/eldiariodesanpedro.com.ar\/sitio\/wp-content\/uploads\/2023\/11\/Imagen-de-WhatsApp-2023-11-09-a-las-12.58.55_48aa4ffc.jpg\" alt=\"\" class=\"wp-image-123753 lazyload\" data-srcset=\"https:\/\/eldiariodesanpedro.com.ar\/sitio\/wp-content\/uploads\/2023\/11\/Imagen-de-WhatsApp-2023-11-09-a-las-12.58.55_48aa4ffc.jpg 840w, https:\/\/eldiariodesanpedro.com.ar\/sitio\/wp-content\/uploads\/2023\/11\/Imagen-de-WhatsApp-2023-11-09-a-las-12.58.55_48aa4ffc-300x225.jpg 300w, https:\/\/eldiariodesanpedro.com.ar\/sitio\/wp-content\/uploads\/2023\/11\/Imagen-de-WhatsApp-2023-11-09-a-las-12.58.55_48aa4ffc-768x576.jpg 768w, https:\/\/eldiariodesanpedro.com.ar\/sitio\/wp-content\/uploads\/2023\/11\/Imagen-de-WhatsApp-2023-11-09-a-las-12.58.55_48aa4ffc-272x204.jpg 272w\" data-sizes=\"(max-width: 840px) 100vw, 840px\" src=\"data:image\/svg+xml;base64,PHN2ZyB3aWR0aD0iMSIgaGVpZ2h0PSIxIiB4bWxucz0iaHR0cDovL3d3dy53My5vcmcvMjAwMC9zdmciPjwvc3ZnPg==\" style=\"--smush-placeholder-width: 840px; --smush-placeholder-aspect-ratio: 840\/630;\" \/><\/figure>\n\n\n\n<figure class=\"wp-block-image size-large\"><img decoding=\"async\" width=\"1024\" height=\"576\" data-attachment-id=\"123752\" data-permalink=\"https:\/\/eldiariodesanpedro.com.ar\/sitio\/masculinidades-cierre-del-ciclo-de-charlas-2023-en-escuelas-rurales-de-san-pedro\/imagen-de-whatsapp-2023-11-09-a-las-12-58-54_a6494c29\/\" data-orig-file=\"https:\/\/eldiariodesanpedro.com.ar\/sitio\/wp-content\/uploads\/2023\/11\/Imagen-de-WhatsApp-2023-11-09-a-las-12.58.54_a6494c29.jpg\" data-orig-size=\"1120,630\" data-comments-opened=\"0\" data-image-meta=\"{&quot;aperture&quot;:&quot;0&quot;,&quot;credit&quot;:&quot;&quot;,&quot;camera&quot;:&quot;&quot;,&quot;caption&quot;:&quot;&quot;,&quot;created_timestamp&quot;:&quot;0&quot;,&quot;copyright&quot;:&quot;&quot;,&quot;focal_length&quot;:&quot;0&quot;,&quot;iso&quot;:&quot;0&quot;,&quot;shutter_speed&quot;:&quot;0&quot;,&quot;title&quot;:&quot;&quot;,&quot;orientation&quot;:&quot;0&quot;}\" data-image-title=\"Imagen de WhatsApp 2023-11-09 a las 12.58.54_a6494c29\" data-image-description=\"\" data-image-caption=\"\" data-large-file=\"https:\/\/eldiariodesanpedro.com.ar\/sitio\/wp-content\/uploads\/2023\/11\/Imagen-de-WhatsApp-2023-11-09-a-las-12.58.54_a6494c29-1024x576.jpg\" data-src=\"https:\/\/eldiariodesanpedro.com.ar\/sitio\/wp-content\/uploads\/2023\/11\/Imagen-de-WhatsApp-2023-11-09-a-las-12.58.54_a6494c29-1024x576.jpg\" alt=\"\" class=\"wp-image-123752 lazyload\" data-srcset=\"https:\/\/eldiariodesanpedro.com.ar\/sitio\/wp-content\/uploads\/2023\/11\/Imagen-de-WhatsApp-2023-11-09-a-las-12.58.54_a6494c29-1024x576.jpg 1024w, https:\/\/eldiariodesanpedro.com.ar\/sitio\/wp-content\/uploads\/2023\/11\/Imagen-de-WhatsApp-2023-11-09-a-las-12.58.54_a6494c29-300x169.jpg 300w, https:\/\/eldiariodesanpedro.com.ar\/sitio\/wp-content\/uploads\/2023\/11\/Imagen-de-WhatsApp-2023-11-09-a-las-12.58.54_a6494c29-768x432.jpg 768w, https:\/\/eldiariodesanpedro.com.ar\/sitio\/wp-content\/uploads\/2023\/11\/Imagen-de-WhatsApp-2023-11-09-a-las-12.58.54_a6494c29.jpg 1120w\" data-sizes=\"(max-width: 1024px) 100vw, 1024px\" src=\"data:image\/svg+xml;base64,PHN2ZyB3aWR0aD0iMSIgaGVpZ2h0PSIxIiB4bWxucz0iaHR0cDovL3d3dy53My5vcmcvMjAwMC9zdmciPjwvc3ZnPg==\" style=\"--smush-placeholder-width: 1024px; --smush-placeholder-aspect-ratio: 1024\/576;\" \/><\/figure>\n\n\n\n<figure class=\"wp-block-image size-large\"><img decoding=\"async\" width=\"1024\" height=\"461\" data-attachment-id=\"123754\" data-permalink=\"https:\/\/eldiariodesanpedro.com.ar\/sitio\/masculinidades-cierre-del-ciclo-de-charlas-2023-en-escuelas-rurales-de-san-pedro\/imagen-de-whatsapp-2023-11-09-a-las-12-58-55_79f080ec\/\" data-orig-file=\"https:\/\/eldiariodesanpedro.com.ar\/sitio\/wp-content\/uploads\/2023\/11\/Imagen-de-WhatsApp-2023-11-09-a-las-12.58.55_79f080ec.jpg\" data-orig-size=\"1200,540\" data-comments-opened=\"0\" data-image-meta=\"{&quot;aperture&quot;:&quot;0&quot;,&quot;credit&quot;:&quot;&quot;,&quot;camera&quot;:&quot;&quot;,&quot;caption&quot;:&quot;&quot;,&quot;created_timestamp&quot;:&quot;0&quot;,&quot;copyright&quot;:&quot;&quot;,&quot;focal_length&quot;:&quot;0&quot;,&quot;iso&quot;:&quot;0&quot;,&quot;shutter_speed&quot;:&quot;0&quot;,&quot;title&quot;:&quot;&quot;,&quot;orientation&quot;:&quot;0&quot;}\" data-image-title=\"Imagen de WhatsApp 2023-11-09 a las 12.58.55_79f080ec\" data-image-description=\"\" data-image-caption=\"\" data-large-file=\"https:\/\/eldiariodesanpedro.com.ar\/sitio\/wp-content\/uploads\/2023\/11\/Imagen-de-WhatsApp-2023-11-09-a-las-12.58.55_79f080ec-1024x461.jpg\" data-src=\"https:\/\/eldiariodesanpedro.com.ar\/sitio\/wp-content\/uploads\/2023\/11\/Imagen-de-WhatsApp-2023-11-09-a-las-12.58.55_79f080ec-1024x461.jpg\" alt=\"\" class=\"wp-image-123754 lazyload\" data-srcset=\"https:\/\/eldiariodesanpedro.com.ar\/sitio\/wp-content\/uploads\/2023\/11\/Imagen-de-WhatsApp-2023-11-09-a-las-12.58.55_79f080ec-1024x461.jpg 1024w, https:\/\/eldiariodesanpedro.com.ar\/sitio\/wp-content\/uploads\/2023\/11\/Imagen-de-WhatsApp-2023-11-09-a-las-12.58.55_79f080ec-300x135.jpg 300w, https:\/\/eldiariodesanpedro.com.ar\/sitio\/wp-content\/uploads\/2023\/11\/Imagen-de-WhatsApp-2023-11-09-a-las-12.58.55_79f080ec-768x346.jpg 768w, https:\/\/eldiariodesanpedro.com.ar\/sitio\/wp-content\/uploads\/2023\/11\/Imagen-de-WhatsApp-2023-11-09-a-las-12.58.55_79f080ec.jpg 1200w\" data-sizes=\"(max-width: 1024px) 100vw, 1024px\" src=\"data:image\/svg+xml;base64,PHN2ZyB3aWR0aD0iMSIgaGVpZ2h0PSIxIiB4bWxucz0iaHR0cDovL3d3dy53My5vcmcvMjAwMC9zdmciPjwvc3ZnPg==\" style=\"--smush-placeholder-width: 1024px; --smush-placeholder-aspect-ratio: 1024\/461;\" \/><\/figure>\n","protected":false},"excerpt":{"rendered":"<p>El dispositivo Nuevas Masculinidades de la Secretar\u00eda de Pol\u00edticas de G\u00e9nero, Mujeres y Diversidad de la Municipalidad de San Pedro cumpliment\u00f3 el cronograma de charlas en escuelas rurales del partido de San Pedro, como parte de las actividades de concientizaci\u00f3n y visibilizaci\u00f3n de las tem\u00e1ticas que propone el \u00e1rea encabezada por Laura Monfasani. El ciclo [&hellip;]<\/p>\n","protected":false},"author":4,"featured_media":123753,"comment_status":"closed","ping_status":"closed","sticky":false,"template":"","format":"standard","meta":{"om_disable_all_campaigns":false,"_jetpack_memberships_contains_paid_content":false,"footnotes":""},"categories":[50,101,2],"tags":[197,696,33,19],"class_list":["post-123750","post","type-post","status-publish","format-standard","has-post-thumbnail","hentry","category-destacadas","category-interes-general-locales","category-locales","tag-buenos-aires","tag-interes-general","tag-locales","tag-san-pedro"],"aioseo_notices":[],"gutentor_comment":0,"jetpack_featured_media_url":"https:\/\/eldiariodesanpedro.com.ar\/sitio\/wp-content\/uploads\/2023\/11\/Imagen-de-WhatsApp-2023-11-09-a-las-12.58.55_48aa4ffc.jpg","jetpack_shortlink":"https:\/\/wp.me\/p6RhLt-wbY","jetpack_sharing_enabled":true,"_links":{"self":[{"href":"https:\/\/eldiariodesanpedro.com.ar\/sitio\/wp-json\/wp\/v2\/posts\/123750","targetHints":{"allow":["GET"]}}],"collection":[{"href":"https:\/\/eldiariodesanpedro.com.ar\/sitio\/wp-json\/wp\/v2\/posts"}],"about":[{"href":"https:\/\/eldiariodesanpedro.com.ar\/sitio\/wp-json\/wp\/v2\/types\/post"}],"author":[{"embeddable":true,"href":"https:\/\/eldiariodesanpedro.com.ar\/sitio\/wp-json\/wp\/v2\/users\/4"}],"replies":[{"embeddable":true,"href":"https:\/\/eldiariodesanpedro.com.ar\/sitio\/wp-json\/wp\/v2\/comments?post=123750"}],"version-history":[{"count":1,"href":"https:\/\/eldiariodesanpedro.com.ar\/sitio\/wp-json\/wp\/v2\/posts\/123750\/revisions"}],"predecessor-version":[{"id":123756,"href":"https:\/\/eldiariodesanpedro.com.ar\/sitio\/wp-json\/wp\/v2\/posts\/123750\/revisions\/123756"}],"wp:featuredmedia":[{"embeddable":true,"href":"https:\/\/eldiariodesanpedro.com.ar\/sitio\/wp-json\/wp\/v2\/media\/123753"}],"wp:attachment":[{"href":"https:\/\/eldiariodesanpedro.com.ar\/sitio\/wp-json\/wp\/v2\/media?parent=123750"}],"wp:term":[{"taxonomy":"category","embeddable":true,"href":"https:\/\/eldiariodesanpedro.com.ar\/sitio\/wp-json\/wp\/v2\/categories?post=123750"},{"taxonomy":"post_tag","embeddable":true,"href":"https:\/\/eldiariodesanpedro.com.ar\/sitio\/wp-json\/wp\/v2\/tags?post=123750"}],"curies":[{"name":"wp","href":"https:\/\/api.w.org\/{rel}","templated":true}]}}