{"id":123744,"date":"2023-11-09T13:21:05","date_gmt":"2023-11-09T16:21:05","guid":{"rendered":"https:\/\/eldiariodesanpedro.com.ar\/sitio\/?p=123744"},"modified":"2023-11-09T13:22:24","modified_gmt":"2023-11-09T16:22:24","slug":"caravana-en-reconocimiento-a-las-y-los-deportistas-que-nos-representaron-en-los-juegos-panamericanos-santiago-2023","status":"publish","type":"post","link":"https:\/\/eldiariodesanpedro.com.ar\/sitio\/caravana-en-reconocimiento-a-las-y-los-deportistas-que-nos-representaron-en-los-juegos-panamericanos-santiago-2023\/","title":{"rendered":"Caravana en reconocimiento a las y los deportistas que nos representaron en los Juegos Panamericanos Santiago 2023"},"content":{"rendered":"<!-- VideographyWP Plugin Message: Automatic video embedding prevented by plugin options. -->\n\n<p>La Municipalidad de San Pedro, a trav\u00e9s de la Direcci\u00f3n de Deportes homenajear\u00e1 a los y las deportistas que nos representaron en los Juegos Panamericanos desarrollados en la Ciudad de Santiago de Chile.<\/p>\n\n\n\n<p>El pr\u00f3ximo s\u00e1bado 11 de noviembre a las 19 hs. en la intersecci\u00f3n de las calles Lucio Mansilla y Mitre se llevar\u00e1 a cabo un recibimiento y caravana que transportar\u00e1 a Eugenia Bosco, Julio Alsogaray, Malena Sciarra, Brenda Rojas, Valent\u00edn Rossi y Candela Raviola hasta el Palacio Municipal donde ser\u00e1n recibidos por el Intendente Municipal Cecilio Salazar para homenajearlos por su destacada participaci\u00f3n representando a la Argentina y San Pedro en los Juegos Panamericanos\u00a0Santiago\u00a02023.<\/p>\n\n\n<div class=\"wp-block-image\">\n<figure class=\"aligncenter size-full\"><img decoding=\"async\" width=\"504\" height=\"630\" data-attachment-id=\"123747\" data-permalink=\"https:\/\/eldiariodesanpedro.com.ar\/sitio\/caravana-en-reconocimiento-a-las-y-los-deportistas-que-nos-representaron-en-los-juegos-panamericanos-santiago-2023\/imagen-de-whatsapp-2023-11-09-a-las-12-45-54_b669e676\/\" data-orig-file=\"https:\/\/eldiariodesanpedro.com.ar\/sitio\/wp-content\/uploads\/2023\/11\/Imagen-de-WhatsApp-2023-11-09-a-las-12.45.54_b669e676.jpg\" data-orig-size=\"504,630\" data-comments-opened=\"0\" data-image-meta=\"{&quot;aperture&quot;:&quot;0&quot;,&quot;credit&quot;:&quot;&quot;,&quot;camera&quot;:&quot;&quot;,&quot;caption&quot;:&quot;&quot;,&quot;created_timestamp&quot;:&quot;0&quot;,&quot;copyright&quot;:&quot;&quot;,&quot;focal_length&quot;:&quot;0&quot;,&quot;iso&quot;:&quot;0&quot;,&quot;shutter_speed&quot;:&quot;0&quot;,&quot;title&quot;:&quot;&quot;,&quot;orientation&quot;:&quot;0&quot;}\" data-image-title=\"Imagen-de-WhatsApp-2023-11-09-a-las-12.45.54_b669e676\" data-image-description=\"\" data-image-caption=\"\" data-large-file=\"https:\/\/eldiariodesanpedro.com.ar\/sitio\/wp-content\/uploads\/2023\/11\/Imagen-de-WhatsApp-2023-11-09-a-las-12.45.54_b669e676.jpg\" data-src=\"https:\/\/eldiariodesanpedro.com.ar\/sitio\/wp-content\/uploads\/2023\/11\/Imagen-de-WhatsApp-2023-11-09-a-las-12.45.54_b669e676.jpg\" alt=\"\" class=\"wp-image-123747 lazyload\" data-srcset=\"https:\/\/eldiariodesanpedro.com.ar\/sitio\/wp-content\/uploads\/2023\/11\/Imagen-de-WhatsApp-2023-11-09-a-las-12.45.54_b669e676.jpg 504w, https:\/\/eldiariodesanpedro.com.ar\/sitio\/wp-content\/uploads\/2023\/11\/Imagen-de-WhatsApp-2023-11-09-a-las-12.45.54_b669e676-240x300.jpg 240w\" data-sizes=\"(max-width: 504px) 100vw, 504px\" src=\"data:image\/svg+xml;base64,PHN2ZyB3aWR0aD0iMSIgaGVpZ2h0PSIxIiB4bWxucz0iaHR0cDovL3d3dy53My5vcmcvMjAwMC9zdmciPjwvc3ZnPg==\" style=\"--smush-placeholder-width: 504px; --smush-placeholder-aspect-ratio: 504\/630;\" \/><\/figure>\n<\/div>","protected":false},"excerpt":{"rendered":"<p>La Municipalidad de San Pedro, a trav\u00e9s de la Direcci\u00f3n de Deportes homenajear\u00e1 a los y las deportistas que nos representaron en los Juegos Panamericanos desarrollados en la Ciudad de Santiago de Chile. El pr\u00f3ximo s\u00e1bado 11 de noviembre a las 19 hs. en la intersecci\u00f3n de las calles Lucio Mansilla y Mitre se llevar\u00e1 [&hellip;]<\/p>\n","protected":false},"author":4,"featured_media":123745,"comment_status":"closed","ping_status":"closed","sticky":false,"template":"","format":"standard","meta":{"om_disable_all_campaigns":false,"_jetpack_memberships_contains_paid_content":false,"footnotes":""},"categories":[101,2],"tags":[197,696,33,19],"class_list":["post-123744","post","type-post","status-publish","format-standard","has-post-thumbnail","hentry","category-interes-general-locales","category-locales","tag-buenos-aires","tag-interes-general","tag-locales","tag-san-pedro"],"aioseo_notices":[],"gutentor_comment":0,"jetpack_featured_media_url":"https:\/\/eldiariodesanpedro.com.ar\/sitio\/wp-content\/uploads\/2023\/11\/0000022306-resized-1920x1080-1.jpg","jetpack_shortlink":"https:\/\/wp.me\/p6RhLt-wbS","jetpack_sharing_enabled":true,"_links":{"self":[{"href":"https:\/\/eldiariodesanpedro.com.ar\/sitio\/wp-json\/wp\/v2\/posts\/123744","targetHints":{"allow":["GET"]}}],"collection":[{"href":"https:\/\/eldiariodesanpedro.com.ar\/sitio\/wp-json\/wp\/v2\/posts"}],"about":[{"href":"https:\/\/eldiariodesanpedro.com.ar\/sitio\/wp-json\/wp\/v2\/types\/post"}],"author":[{"embeddable":true,"href":"https:\/\/eldiariodesanpedro.com.ar\/sitio\/wp-json\/wp\/v2\/users\/4"}],"replies":[{"embeddable":true,"href":"https:\/\/eldiariodesanpedro.com.ar\/sitio\/wp-json\/wp\/v2\/comments?post=123744"}],"version-history":[{"count":2,"href":"https:\/\/eldiariodesanpedro.com.ar\/sitio\/wp-json\/wp\/v2\/posts\/123744\/revisions"}],"predecessor-version":[{"id":123749,"href":"https:\/\/eldiariodesanpedro.com.ar\/sitio\/wp-json\/wp\/v2\/posts\/123744\/revisions\/123749"}],"wp:featuredmedia":[{"embeddable":true,"href":"https:\/\/eldiariodesanpedro.com.ar\/sitio\/wp-json\/wp\/v2\/media\/123745"}],"wp:attachment":[{"href":"https:\/\/eldiariodesanpedro.com.ar\/sitio\/wp-json\/wp\/v2\/media?parent=123744"}],"wp:term":[{"taxonomy":"category","embeddable":true,"href":"https:\/\/eldiariodesanpedro.com.ar\/sitio\/wp-json\/wp\/v2\/categories?post=123744"},{"taxonomy":"post_tag","embeddable":true,"href":"https:\/\/eldiariodesanpedro.com.ar\/sitio\/wp-json\/wp\/v2\/tags?post=123744"}],"curies":[{"name":"wp","href":"https:\/\/api.w.org\/{rel}","templated":true}]}}