{"id":123740,"date":"2023-11-09T13:03:41","date_gmt":"2023-11-09T16:03:41","guid":{"rendered":"https:\/\/eldiariodesanpedro.com.ar\/sitio\/?p=123740"},"modified":"2023-11-09T13:03:45","modified_gmt":"2023-11-09T16:03:45","slug":"declaro-el-hijo-del-intendente-de-baradero-en-la-fiscalia-local-por-el-robo-y-asesinato-del-empresario","status":"publish","type":"post","link":"https:\/\/eldiariodesanpedro.com.ar\/sitio\/declaro-el-hijo-del-intendente-de-baradero-en-la-fiscalia-local-por-el-robo-y-asesinato-del-empresario\/","title":{"rendered":"Declaro el hijo del intendente de Baradero en la fiscalia local por el robo y asesinato del empresario"},"content":{"rendered":"<!-- VideographyWP Plugin Message: Automatic video embedding prevented by plugin options. -->\n\n<p>Tres de los cuatro individuos relacionados con el incidente que result\u00f3 en el fallecimiento del empresario Gustavo Desimone en Baradero fueron trasladados a la Fiscal\u00eda de San Pedro en la ma\u00f1ana de hoy para prestar testimonio ante la titular de la UFI 7, Mar\u00eda del Valle Viviani. Los individuos en cuesti\u00f3n son Mat\u00edas Brey, Constantino Fern\u00e1ndez y Felipe Sanzio, quien es el hijo de 19 a\u00f1os del Intendente Esteban Sanzio. En el caso de Ramiro Rey Bacareza, ya se encontraba bajo detenci\u00f3n en relaci\u00f3n con otra causa.<\/p>\n\n\n\n<p>Las detenciones fueron llevadas a cabo recientemente por personal de la Direcci\u00f3n Departamental de Investigaciones (DDI) Z\u00e1rate-Campana, siguiendo la solicitud de la fiscal de la causa, Mar\u00eda del Valle Viviani.<\/p>\n\n\n\n<p>Brey, Rey Bacareza y Sanzio enfrentan acusaciones como coautores de \u00abrobo agravado por el uso de arma de fuego y por ser cometido en poblado y en banda\u00bb y \u00abhomicidio criminis causa\u00bb, mientras que Fern\u00e1ndez est\u00e1 siendo imputado \u00fanicamente como \u00abpart\u00edcipe necesario\u00bb del robo.<\/p>\n\n\n\n<iframe data-src=\"https:\/\/www.facebook.com\/plugins\/video.php?height=314&#038;href=https%3A%2F%2Fwww.facebook.com%2Fdiariosp2%2Fvideos%2F1064991411166647%2F&#038;show_text=false&#038;width=560&#038;t=0\" width=\"560\" height=\"314\" style=\"border:none;overflow:hidden\" scrolling=\"no\" frameborder=\"0\" allowfullscreen=\"true\" allow=\"autoplay; clipboard-write; encrypted-media; picture-in-picture; web-share\" allowFullScreen=\"true\" src=\"data:image\/svg+xml;base64,PHN2ZyB3aWR0aD0iMSIgaGVpZ2h0PSIxIiB4bWxucz0iaHR0cDovL3d3dy53My5vcmcvMjAwMC9zdmciPjwvc3ZnPg==\" class=\"lazyload\" data-load-mode=\"1\"><\/iframe>\n","protected":false},"excerpt":{"rendered":"<p>Tres de los cuatro individuos relacionados con el incidente que result\u00f3 en el fallecimiento del empresario Gustavo Desimone en Baradero fueron trasladados a la Fiscal\u00eda de San Pedro en la ma\u00f1ana de hoy para prestar testimonio ante la titular de la UFI 7, Mar\u00eda del Valle Viviani. Los individuos en cuesti\u00f3n son Mat\u00edas Brey, Constantino [&hellip;]<\/p>\n","protected":false},"author":4,"featured_media":123741,"comment_status":"closed","ping_status":"closed","sticky":false,"template":"","format":"standard","meta":{"om_disable_all_campaigns":false,"_jetpack_memberships_contains_paid_content":false,"footnotes":""},"categories":[50,101,2],"tags":[197,696,33,19],"class_list":["post-123740","post","type-post","status-publish","format-standard","has-post-thumbnail","hentry","category-destacadas","category-interes-general-locales","category-locales","tag-buenos-aires","tag-interes-general","tag-locales","tag-san-pedro"],"aioseo_notices":[],"gutentor_comment":0,"jetpack_featured_media_url":"https:\/\/eldiariodesanpedro.com.ar\/sitio\/wp-content\/uploads\/2023\/11\/1.png","jetpack_shortlink":"https:\/\/wp.me\/p6RhLt-wbO","jetpack_sharing_enabled":true,"_links":{"self":[{"href":"https:\/\/eldiariodesanpedro.com.ar\/sitio\/wp-json\/wp\/v2\/posts\/123740","targetHints":{"allow":["GET"]}}],"collection":[{"href":"https:\/\/eldiariodesanpedro.com.ar\/sitio\/wp-json\/wp\/v2\/posts"}],"about":[{"href":"https:\/\/eldiariodesanpedro.com.ar\/sitio\/wp-json\/wp\/v2\/types\/post"}],"author":[{"embeddable":true,"href":"https:\/\/eldiariodesanpedro.com.ar\/sitio\/wp-json\/wp\/v2\/users\/4"}],"replies":[{"embeddable":true,"href":"https:\/\/eldiariodesanpedro.com.ar\/sitio\/wp-json\/wp\/v2\/comments?post=123740"}],"version-history":[{"count":1,"href":"https:\/\/eldiariodesanpedro.com.ar\/sitio\/wp-json\/wp\/v2\/posts\/123740\/revisions"}],"predecessor-version":[{"id":123742,"href":"https:\/\/eldiariodesanpedro.com.ar\/sitio\/wp-json\/wp\/v2\/posts\/123740\/revisions\/123742"}],"wp:featuredmedia":[{"embeddable":true,"href":"https:\/\/eldiariodesanpedro.com.ar\/sitio\/wp-json\/wp\/v2\/media\/123741"}],"wp:attachment":[{"href":"https:\/\/eldiariodesanpedro.com.ar\/sitio\/wp-json\/wp\/v2\/media?parent=123740"}],"wp:term":[{"taxonomy":"category","embeddable":true,"href":"https:\/\/eldiariodesanpedro.com.ar\/sitio\/wp-json\/wp\/v2\/categories?post=123740"},{"taxonomy":"post_tag","embeddable":true,"href":"https:\/\/eldiariodesanpedro.com.ar\/sitio\/wp-json\/wp\/v2\/tags?post=123740"}],"curies":[{"name":"wp","href":"https:\/\/api.w.org\/{rel}","templated":true}]}}