{"id":123738,"date":"2023-11-09T12:09:15","date_gmt":"2023-11-09T15:09:15","guid":{"rendered":"https:\/\/eldiariodesanpedro.com.ar\/sitio\/?p=123738"},"modified":"2023-11-09T12:09:18","modified_gmt":"2023-11-09T15:09:18","slug":"hoy-comienza-el-pago-de-la-jubilaciones-minimas-la-asignacion-universal-por-hijo-y-la-asignacion-familiar-por-hijo","status":"publish","type":"post","link":"https:\/\/eldiariodesanpedro.com.ar\/sitio\/hoy-comienza-el-pago-de-la-jubilaciones-minimas-la-asignacion-universal-por-hijo-y-la-asignacion-familiar-por-hijo\/","title":{"rendered":"Hoy comienza el pago de la Jubilaciones m\u00ednimas , la Asignaci\u00f3n Universal por Hijo y la Asignaci\u00f3n Familiar por Hijo"},"content":{"rendered":"<!-- VideographyWP Plugin Message: Automatic video embedding prevented by plugin options. -->\n\n<p>La Administraci\u00f3n Nacional de la Seguridad Social (ANSES) anuncia el inicio de los pagos correspondientes a las jubilaciones y pensiones m\u00ednimas, la Asignaci\u00f3n Universal por Hijo y la Asignaci\u00f3n Familiar por Hijo a partir de hoy.<\/p>\n\n\n\n<p>Adem\u00e1s, en este mes, las jubilaciones y pensiones que se encuentran en el rango de la m\u00ednima recibir\u00e1n la tercera y \u00faltima cuota del refuerzo de 37 mil pesos, garantizando que ning\u00fan jubilado o pensionado reciba menos de 124.460 pesos.<\/p>\n\n\n\n<p>Los calendarios de pago se distribuyen de la siguiente manera:<\/p>\n\n\n\n<p>Para las jubilaciones y pensiones que no superan un haber m\u00ednimo:<\/p>\n\n\n\n<ul class=\"wp-block-list\">\n<li>DNI terminados en 0: 9 de noviembre<\/li>\n\n\n\n<li>DNI terminados en 1: 10 de noviembre<\/li>\n\n\n\n<li>DNI terminados en 2: 13 de noviembre<\/li>\n\n\n\n<li>DNI terminados en 3: 14 de noviembre<\/li>\n\n\n\n<li>DNI terminados en 4: 15 de noviembre<\/li>\n\n\n\n<li>DNI terminados en 5: 16 de noviembre<\/li>\n\n\n\n<li>DNI terminados en 6: 17 de noviembre<\/li>\n\n\n\n<li>DNI terminados en 7: 21 de noviembre<\/li>\n\n\n\n<li>DNI terminados en 8: 22 de noviembre<\/li>\n\n\n\n<li>DNI terminados en 9: 23 de noviembre<\/li>\n<\/ul>\n\n\n\n<p>En cuanto a la Asignaci\u00f3n Universal por Hijo y la Asignaci\u00f3n Familiar por Hijo, los pagos se realizar\u00e1n de acuerdo con la siguiente programaci\u00f3n:<\/p>\n\n\n\n<ul class=\"wp-block-list\">\n<li>DNI terminados en 0: 9 de noviembre<\/li>\n\n\n\n<li>DNI terminados en 1: 10 de noviembre<\/li>\n\n\n\n<li>DNI terminados en 2: 13 de noviembre<\/li>\n\n\n\n<li>DNI terminados en 3: 14 de noviembre<\/li>\n\n\n\n<li>DNI terminados en 4: 15 de noviembre<\/li>\n\n\n\n<li>DNI terminados en 5: 16 de noviembre<\/li>\n\n\n\n<li>DNI terminados en 6: 17 de noviembre<\/li>\n\n\n\n<li>DNI terminados en 7: 21 de noviembre<\/li>\n\n\n\n<li>DNI terminados en 8: 22 de noviembre<\/li>\n\n\n\n<li>DNI terminados en 9: 23 de noviembre<\/li>\n<\/ul>\n\n\n\n<p>ANSES contin\u00faa trabajando para asegurar el oportuno y equitativo desembolso de los beneficios sociales a quienes m\u00e1s lo necesitan.<\/p>\n","protected":false},"excerpt":{"rendered":"<p>La Administraci\u00f3n Nacional de la Seguridad Social (ANSES) anuncia el inicio de los pagos correspondientes a las jubilaciones y pensiones m\u00ednimas, la Asignaci\u00f3n Universal por Hijo y la Asignaci\u00f3n Familiar por Hijo a partir de hoy. Adem\u00e1s, en este mes, las jubilaciones y pensiones que se encuentran en el rango de la m\u00ednima recibir\u00e1n la [&hellip;]<\/p>\n","protected":false},"author":4,"featured_media":87491,"comment_status":"closed","ping_status":"closed","sticky":false,"template":"","format":"standard","meta":{"om_disable_all_campaigns":false,"_jetpack_memberships_contains_paid_content":false,"footnotes":""},"categories":[101,2],"tags":[197,4588,4589,33,19],"class_list":["post-123738","post","type-post","status-publish","format-standard","has-post-thumbnail","hentry","category-interes-general-locales","category-locales","tag-buenos-aires","tag-hoy-comienza-el-pago-de-la-jubilaciones-minimas","tag-la-asignacion-universal-por-hijo-y-la-asignacion-familiar-por-hijo","tag-locales","tag-san-pedro"],"aioseo_notices":[],"gutentor_comment":0,"jetpack_featured_media_url":"https:\/\/eldiariodesanpedro.com.ar\/sitio\/wp-content\/uploads\/2021\/02\/anses-4.jpg","jetpack_shortlink":"https:\/\/wp.me\/p6RhLt-wbM","jetpack_sharing_enabled":true,"_links":{"self":[{"href":"https:\/\/eldiariodesanpedro.com.ar\/sitio\/wp-json\/wp\/v2\/posts\/123738","targetHints":{"allow":["GET"]}}],"collection":[{"href":"https:\/\/eldiariodesanpedro.com.ar\/sitio\/wp-json\/wp\/v2\/posts"}],"about":[{"href":"https:\/\/eldiariodesanpedro.com.ar\/sitio\/wp-json\/wp\/v2\/types\/post"}],"author":[{"embeddable":true,"href":"https:\/\/eldiariodesanpedro.com.ar\/sitio\/wp-json\/wp\/v2\/users\/4"}],"replies":[{"embeddable":true,"href":"https:\/\/eldiariodesanpedro.com.ar\/sitio\/wp-json\/wp\/v2\/comments?post=123738"}],"version-history":[{"count":1,"href":"https:\/\/eldiariodesanpedro.com.ar\/sitio\/wp-json\/wp\/v2\/posts\/123738\/revisions"}],"predecessor-version":[{"id":123739,"href":"https:\/\/eldiariodesanpedro.com.ar\/sitio\/wp-json\/wp\/v2\/posts\/123738\/revisions\/123739"}],"wp:featuredmedia":[{"embeddable":true,"href":"https:\/\/eldiariodesanpedro.com.ar\/sitio\/wp-json\/wp\/v2\/media\/87491"}],"wp:attachment":[{"href":"https:\/\/eldiariodesanpedro.com.ar\/sitio\/wp-json\/wp\/v2\/media?parent=123738"}],"wp:term":[{"taxonomy":"category","embeddable":true,"href":"https:\/\/eldiariodesanpedro.com.ar\/sitio\/wp-json\/wp\/v2\/categories?post=123738"},{"taxonomy":"post_tag","embeddable":true,"href":"https:\/\/eldiariodesanpedro.com.ar\/sitio\/wp-json\/wp\/v2\/tags?post=123738"}],"curies":[{"name":"wp","href":"https:\/\/api.w.org\/{rel}","templated":true}]}}