{"id":123735,"date":"2023-11-09T11:33:42","date_gmt":"2023-11-09T14:33:42","guid":{"rendered":"https:\/\/eldiariodesanpedro.com.ar\/sitio\/?p=123735"},"modified":"2023-11-09T11:33:45","modified_gmt":"2023-11-09T14:33:45","slug":"tras-la-detencion-de-su-hijo-esteban-sanzio-emitio-un-comunicado","status":"publish","type":"post","link":"https:\/\/eldiariodesanpedro.com.ar\/sitio\/tras-la-detencion-de-su-hijo-esteban-sanzio-emitio-un-comunicado\/","title":{"rendered":"Tras la detenci\u00f3n de su hijo, Esteban Sanzio emiti\u00f3 un comunicado"},"content":{"rendered":"<!-- VideographyWP Plugin Message: Automatic video embedding prevented by plugin options. -->\n\n<p>El mandatario baraderense se expres\u00f3 ante la comunidad luego de que su hijo sea acusado de matar al empresario Gustavo Desimone.<br>Sorprendido y abrumado por la acusaci\u00f3n que pesa sobre su hijo, el intendente de Baradero, Esteban Sanzio, emiti\u00f3 un comunicado en el que se refiere a la situaci\u00f3n por la que atraviesa su familia.<br>\u00abSolo puedo manifestar la perplejidad por la noticia\u00bb, destaca en enunciado.<br>Felipe Oscar Sanzio, de 19 a\u00f1os, fue detenido durante la tarde del mi\u00e9rcoles en la planta Toyota de Z\u00e1rate, en el momento justo en que se retiraba tras completar la jornada laboral.<\/p>\n\n\n\n<p>COMUNICADO A LA COMUNIDAD DE BARADERO<\/p>\n\n\n\n<p>\u00abHabiendo sido informado de la detenci\u00f3n de mi hijo Felipe \u00d3scar Sanzio. Solo puedo manifestar la perplejidad por la noticia.<br>Desconozco por completo las razones que generaron la diligencia judicial pero tengo plena confianza en su inocencia.<br>No puedo aportar m\u00e1s informaci\u00f3n precisamente por desconocer el contenido de las actuaciones judiciales\u00bb.<\/p>\n","protected":false},"excerpt":{"rendered":"<p>El mandatario baraderense se expres\u00f3 ante la comunidad luego de que su hijo sea acusado de matar al empresario Gustavo Desimone.Sorprendido y abrumado por la acusaci\u00f3n que pesa sobre su hijo, el intendente de Baradero, Esteban Sanzio, emiti\u00f3 un comunicado en el que se refiere a la situaci\u00f3n por la que atraviesa su familia.\u00abSolo puedo [&hellip;]<\/p>\n","protected":false},"author":4,"featured_media":123736,"comment_status":"closed","ping_status":"closed","sticky":false,"template":"","format":"standard","meta":{"om_disable_all_campaigns":false,"_jetpack_memberships_contains_paid_content":false,"footnotes":""},"categories":[50,101,2],"tags":[197,696,33,19],"class_list":["post-123735","post","type-post","status-publish","format-standard","has-post-thumbnail","hentry","category-destacadas","category-interes-general-locales","category-locales","tag-buenos-aires","tag-interes-general","tag-locales","tag-san-pedro"],"aioseo_notices":[],"gutentor_comment":0,"jetpack_featured_media_url":"https:\/\/eldiariodesanpedro.com.ar\/sitio\/wp-content\/uploads\/2023\/11\/0000022317-resized-1920x1080-1.jpg","jetpack_shortlink":"https:\/\/wp.me\/p6RhLt-wbJ","jetpack_sharing_enabled":true,"_links":{"self":[{"href":"https:\/\/eldiariodesanpedro.com.ar\/sitio\/wp-json\/wp\/v2\/posts\/123735","targetHints":{"allow":["GET"]}}],"collection":[{"href":"https:\/\/eldiariodesanpedro.com.ar\/sitio\/wp-json\/wp\/v2\/posts"}],"about":[{"href":"https:\/\/eldiariodesanpedro.com.ar\/sitio\/wp-json\/wp\/v2\/types\/post"}],"author":[{"embeddable":true,"href":"https:\/\/eldiariodesanpedro.com.ar\/sitio\/wp-json\/wp\/v2\/users\/4"}],"replies":[{"embeddable":true,"href":"https:\/\/eldiariodesanpedro.com.ar\/sitio\/wp-json\/wp\/v2\/comments?post=123735"}],"version-history":[{"count":1,"href":"https:\/\/eldiariodesanpedro.com.ar\/sitio\/wp-json\/wp\/v2\/posts\/123735\/revisions"}],"predecessor-version":[{"id":123737,"href":"https:\/\/eldiariodesanpedro.com.ar\/sitio\/wp-json\/wp\/v2\/posts\/123735\/revisions\/123737"}],"wp:featuredmedia":[{"embeddable":true,"href":"https:\/\/eldiariodesanpedro.com.ar\/sitio\/wp-json\/wp\/v2\/media\/123736"}],"wp:attachment":[{"href":"https:\/\/eldiariodesanpedro.com.ar\/sitio\/wp-json\/wp\/v2\/media?parent=123735"}],"wp:term":[{"taxonomy":"category","embeddable":true,"href":"https:\/\/eldiariodesanpedro.com.ar\/sitio\/wp-json\/wp\/v2\/categories?post=123735"},{"taxonomy":"post_tag","embeddable":true,"href":"https:\/\/eldiariodesanpedro.com.ar\/sitio\/wp-json\/wp\/v2\/tags?post=123735"}],"curies":[{"name":"wp","href":"https:\/\/api.w.org\/{rel}","templated":true}]}}