{"id":123732,"date":"2023-11-09T11:27:01","date_gmt":"2023-11-09T14:27:01","guid":{"rendered":"https:\/\/eldiariodesanpedro.com.ar\/sitio\/?p=123732"},"modified":"2023-11-09T11:27:04","modified_gmt":"2023-11-09T14:27:04","slug":"detuvieron-al-hijo-del-intendente-de-baradero-acusado-de-asesinar-al-empresario-desimone","status":"publish","type":"post","link":"https:\/\/eldiariodesanpedro.com.ar\/sitio\/detuvieron-al-hijo-del-intendente-de-baradero-acusado-de-asesinar-al-empresario-desimone\/","title":{"rendered":"Detuvieron al hijo del intendente de Baradero acusado de asesinar al empresario Desimone"},"content":{"rendered":"<!-- VideographyWP Plugin Message: Automatic video embedding prevented by plugin options. -->\n\n<p>Tras una secuencia de allanamientos realizados en forma simult\u00e1nea se logr\u00f3 desbaratar una banda vinculada al asesinato del empresario baraderense Gustavo Desimone. Entre los detenidos se encuentra el hijo del intendente de Baradero Esteban Sanzio, y el reconocido delincuente \u00abChino\u00bb Rey Bacareza oriundo de Baradero pero con lazos sentimentales en San Pedro. Las escuchas aportar\u00edan datos a\u00fan m\u00e1s escandalosos e insospechados.<\/p>\n\n\n\n<p>El caso Desimone sigue conmoviendo a Baradero. Tras el brutal asesinato del empresario de la carne ocurrido el pasado 31 de agosto cuando fue hallado sin vida en una propiedad del barrio Colonia Suiza con un disparo en la espalda, ahora, se orden\u00f3 la detenci\u00f3n de cuatro personas directamente vinculadas al hecho entre los que aparece el hijo del actual intendente de esa localidad, Esteban Sanzio.<\/p>\n\n\n\n<p>El mi\u00e9rcoles por la tarde en una secuencia de allanamientos encabezada por el personal de la Sub DDI San Pedro- Baradero, se logr\u00f3 detener a los cuatro sospechosos. Se trata de Fabi\u00e1n Constantino Fern\u00e1ndez de 51 a\u00f1os, Ramiro Mauricio Rey Vaccareza de 18 a\u00f1os, m\u00e1s conocido como \u00abel Chino\u00bb, Mat\u00edas Joaqu\u00edn Brey de 29 a\u00f1os, y Felipe Oscar Sanzio, de 19 e hijo del actual mandatario baladerense.<\/p>\n\n\n\n<p>En total se efectuaron siete allanamientos, uno en una vivienda de la calle Mart\u00edn de Gainza 1847 donde se secuestr\u00f3 un celular, $900 y $20,000 en efectivo. Otro allanamiento se efectu\u00f3 en una vivienda de la calle San Mart\u00edn 1858, donde se detuvo a Fern\u00e1ndez y se secuestraron $650,000 en efectivo, 700 d\u00f3lares y dos celulares. Mientras tanto en otro domicilio de la calle Chala y Santa Mar\u00eda de Oro se detuvo a Brey y se secuestraron dos celulares, ropa semi quemada, cuatro cartuchos de escopeta calibres 12, 16 y 28, dos cartuchos calibre 38, un cartucho 9 mm, una vaina servida 9 mm, y una vaina servida calibre 32.<\/p>\n\n\n\n<p>Tambi\u00e9n se realiz\u00f3 un operativo en una vivienda de la calle Chala s\/n donde se secuestraron cinco celulares. Por su parte Felipe Sanzio fue detenido en la planta de la firma automotriz Toyota, con sede en la ciudad de Z\u00e1rate, donde se encontraba trabajando. Al hijo del intendente baraderense se le secuestr\u00f3 su celular.<\/p>\n\n\n\n<p>Por su parte otra de las \u00f3rdenes de detenci\u00f3n recay\u00f3 sobre el \u00abChino\u00bb Vaccaresa Rey qui\u00e9n actualmente se encuentra alojado en la alcald\u00eda de la localidad de Campana en donde est\u00e1 detenido por un hecho de robo de moto cometido hace dos meses atr\u00e1s. El mismo Vaccaresa es qui\u00e9n estaba sospechado de protagonizar varios robos de motos de alta gama en la ciudad de Ramallo, San Pedro, Baradero, Z\u00e1rate y Campana.<\/p>\n\n\n\n<p>En San Pedro est\u00e1 sospechado de haber participado de varios hechos de robo, entre ellos varios a mano armada, donde adem\u00e1s manten\u00eda una relaci\u00f3n amorosa con una joven sampedrina.<\/p>\n\n\n\n<p>Todos los sospechosos quedaron alojados en distintas dependencias y en las pr\u00f3ximas horas prestar\u00e1n declaraci\u00f3n ante la fiscal que investiga el caso. Es de destacar que la causa comenz\u00f3 a ser instruida por el fiscal Vicente G\u00f3mez de la vecina localidad, quien luego tom\u00f3 la determinaci\u00f3n de apartarse del caso para que siga siendo instruida en la fiscal\u00eda de nuestra localidad.<\/p>\n\n\n\n<p>Fuentes cercanas a la investigaci\u00f3n revelaron a San Pedro Informa que la investigaci\u00f3n contin\u00faa y podr\u00eda sumar datos a\u00fan m\u00e1s escandalosos, y que hasta podr\u00eda afectar al propio poder judicial.<\/p>\n","protected":false},"excerpt":{"rendered":"<p>Tras una secuencia de allanamientos realizados en forma simult\u00e1nea se logr\u00f3 desbaratar una banda vinculada al asesinato del empresario baraderense Gustavo Desimone. Entre los detenidos se encuentra el hijo del intendente de Baradero Esteban Sanzio, y el reconocido delincuente \u00abChino\u00bb Rey Bacareza oriundo de Baradero pero con lazos sentimentales en San Pedro. Las escuchas aportar\u00edan [&hellip;]<\/p>\n","protected":false},"author":4,"featured_media":123733,"comment_status":"closed","ping_status":"closed","sticky":false,"template":"","format":"standard","meta":{"om_disable_all_campaigns":false,"_jetpack_memberships_contains_paid_content":false,"footnotes":""},"categories":[50,101,2,621],"tags":[197,696,33,19],"class_list":["post-123732","post","type-post","status-publish","format-standard","has-post-thumbnail","hentry","category-destacadas","category-interes-general-locales","category-locales","category-regionales","tag-buenos-aires","tag-interes-general","tag-locales","tag-san-pedro"],"aioseo_notices":[],"gutentor_comment":0,"jetpack_featured_media_url":"https:\/\/eldiariodesanpedro.com.ar\/sitio\/wp-content\/uploads\/2023\/11\/0000022316-resized-1920x1080-1.jpg","jetpack_shortlink":"https:\/\/wp.me\/p6RhLt-wbG","jetpack_sharing_enabled":true,"_links":{"self":[{"href":"https:\/\/eldiariodesanpedro.com.ar\/sitio\/wp-json\/wp\/v2\/posts\/123732","targetHints":{"allow":["GET"]}}],"collection":[{"href":"https:\/\/eldiariodesanpedro.com.ar\/sitio\/wp-json\/wp\/v2\/posts"}],"about":[{"href":"https:\/\/eldiariodesanpedro.com.ar\/sitio\/wp-json\/wp\/v2\/types\/post"}],"author":[{"embeddable":true,"href":"https:\/\/eldiariodesanpedro.com.ar\/sitio\/wp-json\/wp\/v2\/users\/4"}],"replies":[{"embeddable":true,"href":"https:\/\/eldiariodesanpedro.com.ar\/sitio\/wp-json\/wp\/v2\/comments?post=123732"}],"version-history":[{"count":1,"href":"https:\/\/eldiariodesanpedro.com.ar\/sitio\/wp-json\/wp\/v2\/posts\/123732\/revisions"}],"predecessor-version":[{"id":123734,"href":"https:\/\/eldiariodesanpedro.com.ar\/sitio\/wp-json\/wp\/v2\/posts\/123732\/revisions\/123734"}],"wp:featuredmedia":[{"embeddable":true,"href":"https:\/\/eldiariodesanpedro.com.ar\/sitio\/wp-json\/wp\/v2\/media\/123733"}],"wp:attachment":[{"href":"https:\/\/eldiariodesanpedro.com.ar\/sitio\/wp-json\/wp\/v2\/media?parent=123732"}],"wp:term":[{"taxonomy":"category","embeddable":true,"href":"https:\/\/eldiariodesanpedro.com.ar\/sitio\/wp-json\/wp\/v2\/categories?post=123732"},{"taxonomy":"post_tag","embeddable":true,"href":"https:\/\/eldiariodesanpedro.com.ar\/sitio\/wp-json\/wp\/v2\/tags?post=123732"}],"curies":[{"name":"wp","href":"https:\/\/api.w.org\/{rel}","templated":true}]}}