{"id":12373,"date":"2017-01-06T19:36:29","date_gmt":"2017-01-06T22:36:29","guid":{"rendered":"https:\/\/eldiariodesanpedro.com.ar\/sitio\/?p=12373"},"modified":"2026-01-23T23:21:00","modified_gmt":"2026-01-24T02:21:00","slug":"murio-el-escritor-ricardo-piglia","status":"publish","type":"post","link":"https:\/\/eldiariodesanpedro.com.ar\/sitio\/murio-el-escritor-ricardo-piglia\/","title":{"rendered":"Muri\u00f3 el escritor Ricardo Piglia"},"content":{"rendered":"<p><!-- VideographyWP Plugin Message: Automatic video embedding prevented by plugin options. --><br \/>\n(NA) &#8211; El escritor Ricardo Piglia, autor de grandes libros como \u00abPlata quemada\u00bb y \u00abRespiraci\u00f3n artificial\u00bb, muri\u00f3 ayer en Buenos Aires.<\/p>\n<p>   Piglia, de 75 a\u00f1os, se encontraba afectado por ELA (Esclerosis Lateral Amiotr\u00f3fica) desde hac\u00eda unos a\u00f1os y en los \u00faltimos tiempos viv\u00eda completamente recluido y asistido por sus familiares m\u00e1s \u00edntimos.<\/p>\n<p>   Cr\u00edtico, editor, guionista y profesor, Piglia naci\u00f3 en Adrogu\u00e9 el 24 de noviembre de 1941, fue autor de tres libros de cuentos, seis ensayos, una novela corta, y entre 1980 y 2013 escribi\u00f3 cinco novelas.<\/p>\n<p>   Piglia vivi\u00f3 entre Argentina y Estados Unidos, pero sus \u00faltimos meses los pas\u00f3 en Buenos Aires por la enfermedad que padec\u00eda desde 2014.<\/p>\n<p>   El a\u00f1o pasado cerca de 90 mil personas se sumaron a una campa\u00f1a para que la empresa de medicina prepaga Medicus le suministrara los medicamentos que necesitaba para la enfermedad que lo afectaba.<\/p>\n<p>   Medicus no hab\u00eda aceptado costear los medicamentos prescritos por su m\u00e9dico, por lo que el escritor recurri\u00f3 a la Justicia en reclamo de los remedios correspondientes.<\/p>\n<p>   Como la prepaga no cumpl\u00eda con lo resuelto por la justicia y no entregaba la medicaci\u00f3n, Roberto Jacoby, artista y amigo del escritor, inici\u00f3 la campa\u00f1a en la p\u00e1gina Change.org, y junt\u00f3 las firmas para que la prepaga entregara los medicamentos. <\/p>\n","protected":false},"excerpt":{"rendered":"<p>(NA) &#8211; El escritor Ricardo Piglia, autor de grandes libros como \u00abPlata quemada\u00bb y \u00abRespiraci\u00f3n artificial\u00bb, muri\u00f3 ayer en Buenos Aires. Piglia, de 75 a\u00f1os, se encontraba afectado por ELA (Esclerosis Lateral Amiotr\u00f3fica) desde hac\u00eda unos a\u00f1os y en los \u00faltimos tiempos viv\u00eda completamente recluido y asistido por sus familiares m\u00e1s \u00edntimos. Cr\u00edtico, editor, guionista [&hellip;]<\/p>\n","protected":false},"author":4,"featured_media":12374,"comment_status":"open","ping_status":"closed","sticky":false,"template":"","format":"standard","meta":{"om_disable_all_campaigns":false,"_jetpack_memberships_contains_paid_content":false,"footnotes":""},"categories":[3],"tags":[],"class_list":["post-12373","post","type-post","status-publish","format-standard","has-post-thumbnail","hentry","category-nacionales"],"aioseo_notices":[],"gutentor_comment":0,"jetpack_featured_media_url":"https:\/\/eldiariodesanpedro.com.ar\/sitio\/wp-content\/uploads\/2017\/01\/Piglia.jpg","jetpack_shortlink":"https:\/\/wp.me\/p6RhLt-3dz","jetpack_sharing_enabled":true,"_links":{"self":[{"href":"https:\/\/eldiariodesanpedro.com.ar\/sitio\/wp-json\/wp\/v2\/posts\/12373","targetHints":{"allow":["GET"]}}],"collection":[{"href":"https:\/\/eldiariodesanpedro.com.ar\/sitio\/wp-json\/wp\/v2\/posts"}],"about":[{"href":"https:\/\/eldiariodesanpedro.com.ar\/sitio\/wp-json\/wp\/v2\/types\/post"}],"author":[{"embeddable":true,"href":"https:\/\/eldiariodesanpedro.com.ar\/sitio\/wp-json\/wp\/v2\/users\/4"}],"replies":[{"embeddable":true,"href":"https:\/\/eldiariodesanpedro.com.ar\/sitio\/wp-json\/wp\/v2\/comments?post=12373"}],"version-history":[{"count":1,"href":"https:\/\/eldiariodesanpedro.com.ar\/sitio\/wp-json\/wp\/v2\/posts\/12373\/revisions"}],"predecessor-version":[{"id":12375,"href":"https:\/\/eldiariodesanpedro.com.ar\/sitio\/wp-json\/wp\/v2\/posts\/12373\/revisions\/12375"}],"wp:featuredmedia":[{"embeddable":true,"href":"https:\/\/eldiariodesanpedro.com.ar\/sitio\/wp-json\/wp\/v2\/media\/12374"}],"wp:attachment":[{"href":"https:\/\/eldiariodesanpedro.com.ar\/sitio\/wp-json\/wp\/v2\/media?parent=12373"}],"wp:term":[{"taxonomy":"category","embeddable":true,"href":"https:\/\/eldiariodesanpedro.com.ar\/sitio\/wp-json\/wp\/v2\/categories?post=12373"},{"taxonomy":"post_tag","embeddable":true,"href":"https:\/\/eldiariodesanpedro.com.ar\/sitio\/wp-json\/wp\/v2\/tags?post=12373"}],"curies":[{"name":"wp","href":"https:\/\/api.w.org\/{rel}","templated":true}]}}