{"id":123729,"date":"2023-11-09T11:19:42","date_gmt":"2023-11-09T14:19:42","guid":{"rendered":"https:\/\/eldiariodesanpedro.com.ar\/sitio\/?p=123729"},"modified":"2023-11-09T11:19:46","modified_gmt":"2023-11-09T14:19:46","slug":"golpeo-a-su-hermana-y-le-fracturo-el-tabique","status":"publish","type":"post","link":"https:\/\/eldiariodesanpedro.com.ar\/sitio\/golpeo-a-su-hermana-y-le-fracturo-el-tabique\/","title":{"rendered":"Golpe\u00f3 a su hermana y le fractur\u00f3 el tabique"},"content":{"rendered":"<!-- VideographyWP Plugin Message: Automatic video embedding prevented by plugin options. -->\n\n<p>Una mujer de 31 a\u00f1os fue v\u00edctima de una brutal agresi\u00f3n que le provoc\u00f3 lesiones de gravedad.&nbsp;<\/p>\n\n\n\n<p>El informe policial consign\u00f3 que fue atacada por su hermano, de 32, que le propin\u00f3 diversos golpes en el rostro. Como consecuencia, sufri\u00f3 una fractura de tabique, que oblig\u00f3 a su atenci\u00f3n en el Hospital Subzonal \u00abDr. Emilio Ruffa\u00bb.&nbsp;<a><\/a><\/p>\n\n\n\n<p>Tom\u00f3 intervenci\u00f3n la Comisar\u00eda de la Mujer y la Familia de San Pedro, para dar contenci\u00f3n a la v\u00edctima.&nbsp;<\/p>\n","protected":false},"excerpt":{"rendered":"<p>Una mujer de 31 a\u00f1os fue v\u00edctima de una brutal agresi\u00f3n que le provoc\u00f3 lesiones de gravedad.&nbsp; El informe policial consign\u00f3 que fue atacada por su hermano, de 32, que le propin\u00f3 diversos golpes en el rostro. Como consecuencia, sufri\u00f3 una fractura de tabique, que oblig\u00f3 a su atenci\u00f3n en el Hospital Subzonal \u00abDr. Emilio [&hellip;]<\/p>\n","protected":false},"author":4,"featured_media":123730,"comment_status":"closed","ping_status":"closed","sticky":false,"template":"","format":"standard","meta":{"om_disable_all_campaigns":false,"_jetpack_memberships_contains_paid_content":false,"footnotes":""},"categories":[2,103],"tags":[197,33,95,19],"class_list":["post-123729","post","type-post","status-publish","format-standard","has-post-thumbnail","hentry","category-locales","category-policiales-locales","tag-buenos-aires","tag-locales","tag-policiales","tag-san-pedro"],"aioseo_notices":[],"gutentor_comment":0,"jetpack_featured_media_url":"https:\/\/eldiariodesanpedro.com.ar\/sitio\/wp-content\/uploads\/2023\/11\/medida-8.png","jetpack_shortlink":"https:\/\/wp.me\/p6RhLt-wbD","jetpack_sharing_enabled":true,"_links":{"self":[{"href":"https:\/\/eldiariodesanpedro.com.ar\/sitio\/wp-json\/wp\/v2\/posts\/123729","targetHints":{"allow":["GET"]}}],"collection":[{"href":"https:\/\/eldiariodesanpedro.com.ar\/sitio\/wp-json\/wp\/v2\/posts"}],"about":[{"href":"https:\/\/eldiariodesanpedro.com.ar\/sitio\/wp-json\/wp\/v2\/types\/post"}],"author":[{"embeddable":true,"href":"https:\/\/eldiariodesanpedro.com.ar\/sitio\/wp-json\/wp\/v2\/users\/4"}],"replies":[{"embeddable":true,"href":"https:\/\/eldiariodesanpedro.com.ar\/sitio\/wp-json\/wp\/v2\/comments?post=123729"}],"version-history":[{"count":1,"href":"https:\/\/eldiariodesanpedro.com.ar\/sitio\/wp-json\/wp\/v2\/posts\/123729\/revisions"}],"predecessor-version":[{"id":123731,"href":"https:\/\/eldiariodesanpedro.com.ar\/sitio\/wp-json\/wp\/v2\/posts\/123729\/revisions\/123731"}],"wp:featuredmedia":[{"embeddable":true,"href":"https:\/\/eldiariodesanpedro.com.ar\/sitio\/wp-json\/wp\/v2\/media\/123730"}],"wp:attachment":[{"href":"https:\/\/eldiariodesanpedro.com.ar\/sitio\/wp-json\/wp\/v2\/media?parent=123729"}],"wp:term":[{"taxonomy":"category","embeddable":true,"href":"https:\/\/eldiariodesanpedro.com.ar\/sitio\/wp-json\/wp\/v2\/categories?post=123729"},{"taxonomy":"post_tag","embeddable":true,"href":"https:\/\/eldiariodesanpedro.com.ar\/sitio\/wp-json\/wp\/v2\/tags?post=123729"}],"curies":[{"name":"wp","href":"https:\/\/api.w.org\/{rel}","templated":true}]}}