{"id":123724,"date":"2023-11-09T11:12:50","date_gmt":"2023-11-09T14:12:50","guid":{"rendered":"https:\/\/eldiariodesanpedro.com.ar\/sitio\/?p=123724"},"modified":"2023-11-09T11:13:37","modified_gmt":"2023-11-09T14:13:37","slug":"mercados-bonaerenses-y-frutos-de-la-tierra-y-el-rio-en-plaza-constitucion-este-sabado-11-de-noviembre","status":"publish","type":"post","link":"https:\/\/eldiariodesanpedro.com.ar\/sitio\/mercados-bonaerenses-y-frutos-de-la-tierra-y-el-rio-en-plaza-constitucion-este-sabado-11-de-noviembre\/","title":{"rendered":"Mercados Bonaerenses y Frutos de la Tierra y el R\u00edo en Plaza Constituci\u00f3n este s\u00e1bado 11 de noviembre"},"content":{"rendered":"<!-- VideographyWP Plugin Message: Automatic video embedding prevented by plugin options. -->\n\n<p>La Municipalidad de San Pedro informa que se llevar\u00e1 a cabo una nueva edici\u00f3n conjunta de \u00abMercados Bonaerenses\u00bb y la feria \u00abFrutos de la Tierra y el R\u00edo\u00bb este s\u00e1bado 11 de noviembre en Plaza Constituci\u00f3n (Hip\u00f3lito Yrigoyen entre Pellegrini y Mitre) desde las 10:00 hasta las 18:00 horas.<\/p>\n\n\n\n<p>En el lugar se establecer\u00e1n puestos de mermeladas caseras, frutas y verduras, panificaci\u00f3n dulce y salada, frutos secos, conservas de vegetales, quesos y embutidos y otros productos con el objetivo de promover el desarrollo de canales alternativos de comercializaci\u00f3n, garantizar a los vecinos y las vecinas de San Pedro el acceso a una oferta variada de alimentos, impulsar la producci\u00f3n de nuestra ciudad y crear una red de productores y productoras a nivel local, regional y provincial.<\/p>\n\n\n\n<p>En esta oportunidad nos visitar\u00e1 el cami\u00f3n de pastas y l\u00e1cteos junto al de pescados de la provincia con descuento del 40% con Cuenta DNI y 35% con cuenta BNA del Banco Naci\u00f3n. Adem\u00e1s, con el pago con QR en nuestros feriantes adheridos se le suma la devoluci\u00f3n del 21% del IVA.<\/p>\n\n\n\n<p>Aquellos productores o productoras que deseen participar de las pr\u00f3ximas ferias pueden inscribirse a trav\u00e9s del siguiente link: <a href=\"https:\/\/bit.ly\/3Lyx0O6\">https:\/\/bit.ly\/3Lyx0O6<\/a><\/p>\n\n\n\n<figure class=\"wp-block-image size-full\"><img decoding=\"async\" width=\"752\" height=\"630\" data-attachment-id=\"123727\" data-permalink=\"https:\/\/eldiariodesanpedro.com.ar\/sitio\/mercados-bonaerenses-y-frutos-de-la-tierra-y-el-rio-en-plaza-constitucion-este-sabado-11-de-noviembre\/imagen-de-whatsapp-2023-11-09-a-las-09-52-26_e86688af\/\" data-orig-file=\"https:\/\/eldiariodesanpedro.com.ar\/sitio\/wp-content\/uploads\/2023\/11\/Imagen-de-WhatsApp-2023-11-09-a-las-09.52.26_e86688af.jpg\" data-orig-size=\"752,630\" data-comments-opened=\"0\" data-image-meta=\"{&quot;aperture&quot;:&quot;0&quot;,&quot;credit&quot;:&quot;&quot;,&quot;camera&quot;:&quot;&quot;,&quot;caption&quot;:&quot;&quot;,&quot;created_timestamp&quot;:&quot;0&quot;,&quot;copyright&quot;:&quot;&quot;,&quot;focal_length&quot;:&quot;0&quot;,&quot;iso&quot;:&quot;0&quot;,&quot;shutter_speed&quot;:&quot;0&quot;,&quot;title&quot;:&quot;&quot;,&quot;orientation&quot;:&quot;0&quot;}\" data-image-title=\"Imagen de WhatsApp 2023-11-09 a las 09.52.26_e86688af\" data-image-description=\"\" data-image-caption=\"\" data-large-file=\"https:\/\/eldiariodesanpedro.com.ar\/sitio\/wp-content\/uploads\/2023\/11\/Imagen-de-WhatsApp-2023-11-09-a-las-09.52.26_e86688af.jpg\" data-src=\"https:\/\/eldiariodesanpedro.com.ar\/sitio\/wp-content\/uploads\/2023\/11\/Imagen-de-WhatsApp-2023-11-09-a-las-09.52.26_e86688af.jpg\" alt=\"\" class=\"wp-image-123727 lazyload\" data-srcset=\"https:\/\/eldiariodesanpedro.com.ar\/sitio\/wp-content\/uploads\/2023\/11\/Imagen-de-WhatsApp-2023-11-09-a-las-09.52.26_e86688af.jpg 752w, https:\/\/eldiariodesanpedro.com.ar\/sitio\/wp-content\/uploads\/2023\/11\/Imagen-de-WhatsApp-2023-11-09-a-las-09.52.26_e86688af-300x251.jpg 300w\" data-sizes=\"(max-width: 752px) 100vw, 752px\" src=\"data:image\/svg+xml;base64,PHN2ZyB3aWR0aD0iMSIgaGVpZ2h0PSIxIiB4bWxucz0iaHR0cDovL3d3dy53My5vcmcvMjAwMC9zdmciPjwvc3ZnPg==\" style=\"--smush-placeholder-width: 752px; --smush-placeholder-aspect-ratio: 752\/630;\" \/><\/figure>\n","protected":false},"excerpt":{"rendered":"<p>La Municipalidad de San Pedro informa que se llevar\u00e1 a cabo una nueva edici\u00f3n conjunta de \u00abMercados Bonaerenses\u00bb y la feria \u00abFrutos de la Tierra y el R\u00edo\u00bb este s\u00e1bado 11 de noviembre en Plaza Constituci\u00f3n (Hip\u00f3lito Yrigoyen entre Pellegrini y Mitre) desde las 10:00 hasta las 18:00 horas. En el lugar se establecer\u00e1n puestos [&hellip;]<\/p>\n","protected":false},"author":4,"featured_media":111955,"comment_status":"closed","ping_status":"closed","sticky":false,"template":"","format":"standard","meta":{"om_disable_all_campaigns":false,"_jetpack_memberships_contains_paid_content":false,"footnotes":""},"categories":[101,2],"tags":[197,696,33,19],"class_list":["post-123724","post","type-post","status-publish","format-standard","has-post-thumbnail","hentry","category-interes-general-locales","category-locales","tag-buenos-aires","tag-interes-general","tag-locales","tag-san-pedro"],"aioseo_notices":[],"gutentor_comment":0,"jetpack_featured_media_url":"https:\/\/eldiariodesanpedro.com.ar\/sitio\/wp-content\/uploads\/2022\/11\/mercados-bonaerenses-SP.jpg","jetpack_shortlink":"https:\/\/wp.me\/p6RhLt-wby","jetpack_sharing_enabled":true,"_links":{"self":[{"href":"https:\/\/eldiariodesanpedro.com.ar\/sitio\/wp-json\/wp\/v2\/posts\/123724","targetHints":{"allow":["GET"]}}],"collection":[{"href":"https:\/\/eldiariodesanpedro.com.ar\/sitio\/wp-json\/wp\/v2\/posts"}],"about":[{"href":"https:\/\/eldiariodesanpedro.com.ar\/sitio\/wp-json\/wp\/v2\/types\/post"}],"author":[{"embeddable":true,"href":"https:\/\/eldiariodesanpedro.com.ar\/sitio\/wp-json\/wp\/v2\/users\/4"}],"replies":[{"embeddable":true,"href":"https:\/\/eldiariodesanpedro.com.ar\/sitio\/wp-json\/wp\/v2\/comments?post=123724"}],"version-history":[{"count":2,"href":"https:\/\/eldiariodesanpedro.com.ar\/sitio\/wp-json\/wp\/v2\/posts\/123724\/revisions"}],"predecessor-version":[{"id":123728,"href":"https:\/\/eldiariodesanpedro.com.ar\/sitio\/wp-json\/wp\/v2\/posts\/123724\/revisions\/123728"}],"wp:featuredmedia":[{"embeddable":true,"href":"https:\/\/eldiariodesanpedro.com.ar\/sitio\/wp-json\/wp\/v2\/media\/111955"}],"wp:attachment":[{"href":"https:\/\/eldiariodesanpedro.com.ar\/sitio\/wp-json\/wp\/v2\/media?parent=123724"}],"wp:term":[{"taxonomy":"category","embeddable":true,"href":"https:\/\/eldiariodesanpedro.com.ar\/sitio\/wp-json\/wp\/v2\/categories?post=123724"},{"taxonomy":"post_tag","embeddable":true,"href":"https:\/\/eldiariodesanpedro.com.ar\/sitio\/wp-json\/wp\/v2\/tags?post=123724"}],"curies":[{"name":"wp","href":"https:\/\/api.w.org\/{rel}","templated":true}]}}