{"id":123719,"date":"2023-11-09T11:02:12","date_gmt":"2023-11-09T14:02:12","guid":{"rendered":"https:\/\/eldiariodesanpedro.com.ar\/sitio\/?p=123719"},"modified":"2023-11-09T11:02:13","modified_gmt":"2023-11-09T14:02:13","slug":"acto-de-imposicion-de-nombre-del-ciie-san-pedro-se-llamara-heroinas-de-obligado","status":"publish","type":"post","link":"https:\/\/eldiariodesanpedro.com.ar\/sitio\/acto-de-imposicion-de-nombre-del-ciie-san-pedro-se-llamara-heroinas-de-obligado\/","title":{"rendered":"Acto de imposici\u00f3n de nombre del CIIE San Pedro: se llamar\u00e1 \u00abHero\u00ednas de Obligado\u00bb"},"content":{"rendered":"<!-- VideographyWP Plugin Message: Automatic video embedding prevented by plugin options. -->\n\n<p>El Lunes 13 de Noviembre se realizar\u00e1 el acto de imposici\u00f3n del nombre del Centro de Capacitaci\u00f3n, Informaci\u00f3n e Investigaci\u00f3n Educativa.&nbsp;<\/p>\n\n\n\n<p>Luego de una campa\u00f1a de difusi\u00f3n, se realiz\u00f3 una elecci\u00f3n entre&nbsp; docentes activos\/as o jubilados\/as en la sede de 25 de Mayo 1175.&nbsp;<\/p>\n\n\n\n<p><ins><\/ins>El nombre elegido fue el de \u00abHero\u00ednas de Obligado\u00bb, ante una propuesta que inclu\u00eda a la enfermera y sufragista Cecilia Grierson, Fray Cayetano Rodr\u00edguez, la escritora Eduarda Mansilla, el poeta An\u00edbal de Ant\u00f3n, la docente Catalina Olivieri de Corti, el Maestro Soldado Julio Rub\u00e9n Cao, el Intendente Juan Jos\u00e9 S\u00e1nchez la intelectual y periodista Juana Manso, y el primer maestro civil de San Pedro: Jos\u00e9 Amoedo.&nbsp;<\/p>\n\n\n\n<p>\u00abHace un a\u00f1o comenzamos&nbsp; este proceso de construcci\u00f3n y consolidaci\u00f3n de la identidad, entre todas y todos, cimentado en valores democr\u00e1ticos\u00bb rese\u00f1a el CIIE en la invitaci\u00f3n al acto, en el que \u00abconvocan a seguir andando en este camino de la formaci\u00f3n docente permanente\u00bb.<\/p>\n","protected":false},"excerpt":{"rendered":"<p>El Lunes 13 de Noviembre se realizar\u00e1 el acto de imposici\u00f3n del nombre del Centro de Capacitaci\u00f3n, Informaci\u00f3n e Investigaci\u00f3n Educativa.&nbsp; Luego de una campa\u00f1a de difusi\u00f3n, se realiz\u00f3 una elecci\u00f3n entre&nbsp; docentes activos\/as o jubilados\/as en la sede de 25 de Mayo 1175.&nbsp; El nombre elegido fue el de \u00abHero\u00ednas de Obligado\u00bb, ante una [&hellip;]<\/p>\n","protected":false},"author":4,"featured_media":123720,"comment_status":"closed","ping_status":"closed","sticky":false,"template":"","format":"standard","meta":{"om_disable_all_campaigns":false,"_jetpack_memberships_contains_paid_content":false,"footnotes":""},"categories":[101,2],"tags":[197,696,33,19],"class_list":["post-123719","post","type-post","status-publish","format-standard","has-post-thumbnail","hentry","category-interes-general-locales","category-locales","tag-buenos-aires","tag-interes-general","tag-locales","tag-san-pedro"],"aioseo_notices":[],"gutentor_comment":0,"jetpack_featured_media_url":"https:\/\/eldiariodesanpedro.com.ar\/sitio\/wp-content\/uploads\/2023\/11\/CIIE-Heroinas-de-Obligado-.jpg","jetpack_shortlink":"https:\/\/wp.me\/p6RhLt-wbt","jetpack_sharing_enabled":true,"_links":{"self":[{"href":"https:\/\/eldiariodesanpedro.com.ar\/sitio\/wp-json\/wp\/v2\/posts\/123719","targetHints":{"allow":["GET"]}}],"collection":[{"href":"https:\/\/eldiariodesanpedro.com.ar\/sitio\/wp-json\/wp\/v2\/posts"}],"about":[{"href":"https:\/\/eldiariodesanpedro.com.ar\/sitio\/wp-json\/wp\/v2\/types\/post"}],"author":[{"embeddable":true,"href":"https:\/\/eldiariodesanpedro.com.ar\/sitio\/wp-json\/wp\/v2\/users\/4"}],"replies":[{"embeddable":true,"href":"https:\/\/eldiariodesanpedro.com.ar\/sitio\/wp-json\/wp\/v2\/comments?post=123719"}],"version-history":[{"count":1,"href":"https:\/\/eldiariodesanpedro.com.ar\/sitio\/wp-json\/wp\/v2\/posts\/123719\/revisions"}],"predecessor-version":[{"id":123721,"href":"https:\/\/eldiariodesanpedro.com.ar\/sitio\/wp-json\/wp\/v2\/posts\/123719\/revisions\/123721"}],"wp:featuredmedia":[{"embeddable":true,"href":"https:\/\/eldiariodesanpedro.com.ar\/sitio\/wp-json\/wp\/v2\/media\/123720"}],"wp:attachment":[{"href":"https:\/\/eldiariodesanpedro.com.ar\/sitio\/wp-json\/wp\/v2\/media?parent=123719"}],"wp:term":[{"taxonomy":"category","embeddable":true,"href":"https:\/\/eldiariodesanpedro.com.ar\/sitio\/wp-json\/wp\/v2\/categories?post=123719"},{"taxonomy":"post_tag","embeddable":true,"href":"https:\/\/eldiariodesanpedro.com.ar\/sitio\/wp-json\/wp\/v2\/tags?post=123719"}],"curies":[{"name":"wp","href":"https:\/\/api.w.org\/{rel}","templated":true}]}}