{"id":123712,"date":"2023-11-09T10:54:50","date_gmt":"2023-11-09T13:54:50","guid":{"rendered":"https:\/\/eldiariodesanpedro.com.ar\/sitio\/?p=123712"},"modified":"2023-11-09T10:58:17","modified_gmt":"2023-11-09T13:58:17","slug":"este-fin-de-semana-se-realizara-una-nueva-edicion-de-rock-solidario-san-pedro","status":"publish","type":"post","link":"https:\/\/eldiariodesanpedro.com.ar\/sitio\/este-fin-de-semana-se-realizara-una-nueva-edicion-de-rock-solidario-san-pedro\/","title":{"rendered":"Este fin de semana se realizara una nueva edici\u00f3n de \u00abRock Solidario San Pedro\u00bb"},"content":{"rendered":"<!-- VideographyWP Plugin Message: Automatic video embedding prevented by plugin options. -->\n\n<p>La Municipalidad de San Pedro anuncia la octava edici\u00f3n de \u00abRock Solidario San Pedro\u00bb, que se llevar\u00e1 a cabo el s\u00e1bado 11 y domingo 12 de noviembre en el Paseo P\u00fablico Municipal.<\/p>\n\n\n\n<p>Para asistir al evento, se requerir\u00e1 la donaci\u00f3n de un alimento no perecedero en la entrada.<\/p>\n\n\n\n<p>El programa de actuaciones es el siguiente:<\/p>\n\n\n\n<p>S\u00e1bado 11:<\/p>\n\n\n\n<ul class=\"wp-block-list\">\n<li>Caras Extra\u00f1as<\/li>\n\n\n\n<li>La Cumparsita<\/li>\n\n\n\n<li>Vidas Desprolijas<\/li>\n\n\n\n<li>La Dracu Stone<\/li>\n\n\n\n<li>Ciervo Tapera<\/li>\n\n\n\n<li>Malas Ma\u00f1as<\/li>\n\n\n\n<li>Nunca Opuestos<\/li>\n<\/ul>\n\n\n\n<p>Domingo 12:<\/p>\n\n\n\n<ul class=\"wp-block-list\">\n<li>Viejas Locas<\/li>\n\n\n\n<li>Pacto de los Hotentotes<\/li>\n\n\n\n<li>Madan Manege<\/li>\n\n\n\n<li>Hasta las Pelotas<\/li>\n\n\n\n<li>La Dos Cincuenta<\/li>\n\n\n\n<li>La Suburbana<\/li>\n\n\n\n<li>Los Calientes<\/li>\n\n\n\n<li>Orden Masyaf<\/li>\n\n\n\n<li>\u00bfD\u00f3nde est\u00e1 el perro?<\/li>\n<\/ul>\n\n\n\n<figure class=\"wp-block-image size-full\"><img decoding=\"async\" width=\"840\" height=\"630\" data-attachment-id=\"123717\" data-permalink=\"https:\/\/eldiariodesanpedro.com.ar\/sitio\/este-fin-de-semana-se-realizara-una-nueva-edicion-de-rock-solidario-san-pedro\/imagen-de-whatsapp-2023-11-09-a-las-09-27-10_48ff5299\/\" data-orig-file=\"https:\/\/eldiariodesanpedro.com.ar\/sitio\/wp-content\/uploads\/2023\/11\/Imagen-de-WhatsApp-2023-11-09-a-las-09.27.10_48ff5299.jpg\" data-orig-size=\"840,630\" data-comments-opened=\"0\" data-image-meta=\"{&quot;aperture&quot;:&quot;0&quot;,&quot;credit&quot;:&quot;&quot;,&quot;camera&quot;:&quot;&quot;,&quot;caption&quot;:&quot;&quot;,&quot;created_timestamp&quot;:&quot;0&quot;,&quot;copyright&quot;:&quot;&quot;,&quot;focal_length&quot;:&quot;0&quot;,&quot;iso&quot;:&quot;0&quot;,&quot;shutter_speed&quot;:&quot;0&quot;,&quot;title&quot;:&quot;&quot;,&quot;orientation&quot;:&quot;0&quot;}\" data-image-title=\"Imagen-de-WhatsApp-2023-11-09-a-las-09.27.10_48ff5299\" data-image-description=\"\" data-image-caption=\"\" data-large-file=\"https:\/\/eldiariodesanpedro.com.ar\/sitio\/wp-content\/uploads\/2023\/11\/Imagen-de-WhatsApp-2023-11-09-a-las-09.27.10_48ff5299.jpg\" data-src=\"https:\/\/eldiariodesanpedro.com.ar\/sitio\/wp-content\/uploads\/2023\/11\/Imagen-de-WhatsApp-2023-11-09-a-las-09.27.10_48ff5299.jpg\" alt=\"\" class=\"wp-image-123717 lazyload\" data-srcset=\"https:\/\/eldiariodesanpedro.com.ar\/sitio\/wp-content\/uploads\/2023\/11\/Imagen-de-WhatsApp-2023-11-09-a-las-09.27.10_48ff5299.jpg 840w, https:\/\/eldiariodesanpedro.com.ar\/sitio\/wp-content\/uploads\/2023\/11\/Imagen-de-WhatsApp-2023-11-09-a-las-09.27.10_48ff5299-300x225.jpg 300w, https:\/\/eldiariodesanpedro.com.ar\/sitio\/wp-content\/uploads\/2023\/11\/Imagen-de-WhatsApp-2023-11-09-a-las-09.27.10_48ff5299-768x576.jpg 768w, https:\/\/eldiariodesanpedro.com.ar\/sitio\/wp-content\/uploads\/2023\/11\/Imagen-de-WhatsApp-2023-11-09-a-las-09.27.10_48ff5299-272x204.jpg 272w\" data-sizes=\"(max-width: 840px) 100vw, 840px\" src=\"data:image\/svg+xml;base64,PHN2ZyB3aWR0aD0iMSIgaGVpZ2h0PSIxIiB4bWxucz0iaHR0cDovL3d3dy53My5vcmcvMjAwMC9zdmciPjwvc3ZnPg==\" style=\"--smush-placeholder-width: 840px; --smush-placeholder-aspect-ratio: 840\/630;\" \/><\/figure>\n\n\n\n<figure class=\"wp-block-image size-full\"><img decoding=\"async\" width=\"840\" height=\"630\" data-attachment-id=\"123713\" data-permalink=\"https:\/\/eldiariodesanpedro.com.ar\/sitio\/este-fin-de-semana-se-realizara-una-nueva-edicion-de-rock-solidario-san-pedro\/335152784_600838984883765_998809379622989010_n\/\" data-orig-file=\"https:\/\/eldiariodesanpedro.com.ar\/sitio\/wp-content\/uploads\/2023\/11\/335152784_600838984883765_998809379622989010_n.jpg\" data-orig-size=\"840,630\" data-comments-opened=\"0\" data-image-meta=\"{&quot;aperture&quot;:&quot;0&quot;,&quot;credit&quot;:&quot;&quot;,&quot;camera&quot;:&quot;&quot;,&quot;caption&quot;:&quot;&quot;,&quot;created_timestamp&quot;:&quot;0&quot;,&quot;copyright&quot;:&quot;&quot;,&quot;focal_length&quot;:&quot;0&quot;,&quot;iso&quot;:&quot;0&quot;,&quot;shutter_speed&quot;:&quot;0&quot;,&quot;title&quot;:&quot;&quot;,&quot;orientation&quot;:&quot;0&quot;}\" data-image-title=\"335152784_600838984883765_998809379622989010_n\" data-image-description=\"\" data-image-caption=\"\" data-large-file=\"https:\/\/eldiariodesanpedro.com.ar\/sitio\/wp-content\/uploads\/2023\/11\/335152784_600838984883765_998809379622989010_n.jpg\" data-src=\"https:\/\/eldiariodesanpedro.com.ar\/sitio\/wp-content\/uploads\/2023\/11\/335152784_600838984883765_998809379622989010_n.jpg\" alt=\"\" class=\"wp-image-123713 lazyload\" data-srcset=\"https:\/\/eldiariodesanpedro.com.ar\/sitio\/wp-content\/uploads\/2023\/11\/335152784_600838984883765_998809379622989010_n.jpg 840w, https:\/\/eldiariodesanpedro.com.ar\/sitio\/wp-content\/uploads\/2023\/11\/335152784_600838984883765_998809379622989010_n-300x225.jpg 300w, https:\/\/eldiariodesanpedro.com.ar\/sitio\/wp-content\/uploads\/2023\/11\/335152784_600838984883765_998809379622989010_n-768x576.jpg 768w, https:\/\/eldiariodesanpedro.com.ar\/sitio\/wp-content\/uploads\/2023\/11\/335152784_600838984883765_998809379622989010_n-272x204.jpg 272w\" data-sizes=\"(max-width: 840px) 100vw, 840px\" src=\"data:image\/svg+xml;base64,PHN2ZyB3aWR0aD0iMSIgaGVpZ2h0PSIxIiB4bWxucz0iaHR0cDovL3d3dy53My5vcmcvMjAwMC9zdmciPjwvc3ZnPg==\" style=\"--smush-placeholder-width: 840px; --smush-placeholder-aspect-ratio: 840\/630;\" \/><\/figure>\n\n\n\n<figure class=\"wp-block-image size-full\"><img decoding=\"async\" width=\"842\" height=\"630\" data-attachment-id=\"123714\" data-permalink=\"https:\/\/eldiariodesanpedro.com.ar\/sitio\/este-fin-de-semana-se-realizara-una-nueva-edicion-de-rock-solidario-san-pedro\/335266778_1308778566655758_4163193043539631612_n\/\" data-orig-file=\"https:\/\/eldiariodesanpedro.com.ar\/sitio\/wp-content\/uploads\/2023\/11\/335266778_1308778566655758_4163193043539631612_n.jpg\" data-orig-size=\"842,630\" data-comments-opened=\"0\" data-image-meta=\"{&quot;aperture&quot;:&quot;0&quot;,&quot;credit&quot;:&quot;&quot;,&quot;camera&quot;:&quot;&quot;,&quot;caption&quot;:&quot;&quot;,&quot;created_timestamp&quot;:&quot;0&quot;,&quot;copyright&quot;:&quot;&quot;,&quot;focal_length&quot;:&quot;0&quot;,&quot;iso&quot;:&quot;0&quot;,&quot;shutter_speed&quot;:&quot;0&quot;,&quot;title&quot;:&quot;&quot;,&quot;orientation&quot;:&quot;0&quot;}\" data-image-title=\"335266778_1308778566655758_4163193043539631612_n\" data-image-description=\"\" data-image-caption=\"\" data-large-file=\"https:\/\/eldiariodesanpedro.com.ar\/sitio\/wp-content\/uploads\/2023\/11\/335266778_1308778566655758_4163193043539631612_n.jpg\" data-src=\"https:\/\/eldiariodesanpedro.com.ar\/sitio\/wp-content\/uploads\/2023\/11\/335266778_1308778566655758_4163193043539631612_n.jpg\" alt=\"\" class=\"wp-image-123714 lazyload\" data-srcset=\"https:\/\/eldiariodesanpedro.com.ar\/sitio\/wp-content\/uploads\/2023\/11\/335266778_1308778566655758_4163193043539631612_n.jpg 842w, https:\/\/eldiariodesanpedro.com.ar\/sitio\/wp-content\/uploads\/2023\/11\/335266778_1308778566655758_4163193043539631612_n-300x224.jpg 300w, https:\/\/eldiariodesanpedro.com.ar\/sitio\/wp-content\/uploads\/2023\/11\/335266778_1308778566655758_4163193043539631612_n-768x575.jpg 768w, https:\/\/eldiariodesanpedro.com.ar\/sitio\/wp-content\/uploads\/2023\/11\/335266778_1308778566655758_4163193043539631612_n-272x204.jpg 272w\" data-sizes=\"(max-width: 842px) 100vw, 842px\" src=\"data:image\/svg+xml;base64,PHN2ZyB3aWR0aD0iMSIgaGVpZ2h0PSIxIiB4bWxucz0iaHR0cDovL3d3dy53My5vcmcvMjAwMC9zdmciPjwvc3ZnPg==\" style=\"--smush-placeholder-width: 842px; --smush-placeholder-aspect-ratio: 842\/630;\" \/><\/figure>\n","protected":false},"excerpt":{"rendered":"<p>La Municipalidad de San Pedro anuncia la octava edici\u00f3n de \u00abRock Solidario San Pedro\u00bb, que se llevar\u00e1 a cabo el s\u00e1bado 11 y domingo 12 de noviembre en el Paseo P\u00fablico Municipal. Para asistir al evento, se requerir\u00e1 la donaci\u00f3n de un alimento no perecedero en la entrada. El programa de actuaciones es el siguiente: [&hellip;]<\/p>\n","protected":false},"author":4,"featured_media":123715,"comment_status":"closed","ping_status":"closed","sticky":false,"template":"","format":"standard","meta":{"om_disable_all_campaigns":false,"_jetpack_memberships_contains_paid_content":false,"footnotes":""},"categories":[50,101,2],"tags":[197,696,33,19],"class_list":["post-123712","post","type-post","status-publish","format-standard","has-post-thumbnail","hentry","category-destacadas","category-interes-general-locales","category-locales","tag-buenos-aires","tag-interes-general","tag-locales","tag-san-pedro"],"aioseo_notices":[],"gutentor_comment":0,"jetpack_featured_media_url":"https:\/\/eldiariodesanpedro.com.ar\/sitio\/wp-content\/uploads\/2023\/11\/medida-7.png","jetpack_shortlink":"https:\/\/wp.me\/p6RhLt-wbm","jetpack_sharing_enabled":true,"_links":{"self":[{"href":"https:\/\/eldiariodesanpedro.com.ar\/sitio\/wp-json\/wp\/v2\/posts\/123712","targetHints":{"allow":["GET"]}}],"collection":[{"href":"https:\/\/eldiariodesanpedro.com.ar\/sitio\/wp-json\/wp\/v2\/posts"}],"about":[{"href":"https:\/\/eldiariodesanpedro.com.ar\/sitio\/wp-json\/wp\/v2\/types\/post"}],"author":[{"embeddable":true,"href":"https:\/\/eldiariodesanpedro.com.ar\/sitio\/wp-json\/wp\/v2\/users\/4"}],"replies":[{"embeddable":true,"href":"https:\/\/eldiariodesanpedro.com.ar\/sitio\/wp-json\/wp\/v2\/comments?post=123712"}],"version-history":[{"count":2,"href":"https:\/\/eldiariodesanpedro.com.ar\/sitio\/wp-json\/wp\/v2\/posts\/123712\/revisions"}],"predecessor-version":[{"id":123718,"href":"https:\/\/eldiariodesanpedro.com.ar\/sitio\/wp-json\/wp\/v2\/posts\/123712\/revisions\/123718"}],"wp:featuredmedia":[{"embeddable":true,"href":"https:\/\/eldiariodesanpedro.com.ar\/sitio\/wp-json\/wp\/v2\/media\/123715"}],"wp:attachment":[{"href":"https:\/\/eldiariodesanpedro.com.ar\/sitio\/wp-json\/wp\/v2\/media?parent=123712"}],"wp:term":[{"taxonomy":"category","embeddable":true,"href":"https:\/\/eldiariodesanpedro.com.ar\/sitio\/wp-json\/wp\/v2\/categories?post=123712"},{"taxonomy":"post_tag","embeddable":true,"href":"https:\/\/eldiariodesanpedro.com.ar\/sitio\/wp-json\/wp\/v2\/tags?post=123712"}],"curies":[{"name":"wp","href":"https:\/\/api.w.org\/{rel}","templated":true}]}}