{"id":123704,"date":"2023-11-09T10:19:48","date_gmt":"2023-11-09T13:19:48","guid":{"rendered":"https:\/\/eldiariodesanpedro.com.ar\/sitio\/?p=123704"},"modified":"2023-11-09T10:19:50","modified_gmt":"2023-11-09T13:19:50","slug":"nuevo-acto-de-entrega-de-escrituras-en-la-municipalidad","status":"publish","type":"post","link":"https:\/\/eldiariodesanpedro.com.ar\/sitio\/nuevo-acto-de-entrega-de-escrituras-en-la-municipalidad\/","title":{"rendered":"Nuevo acto de entrega de escrituras en la Municipalidad"},"content":{"rendered":"<!-- VideographyWP Plugin Message: Automatic video embedding prevented by plugin options. -->\n\n<p>Esta ma\u00f1ana en el despacho oficial se concret\u00f3 un nuevo acto de entrega de escrituras para familias que iniciaron sus gestiones a trav\u00e9s de la Subsecretar\u00eda de H\u00e1bitat de la Comunidad del Ministerio de Desarrollo de la Comunidad y la Oficina de Escrituraciones de la Municipalidad de San Pedro.<\/p>\n\n\n\n<p>En un nuevo encuentro atravesado por la emoci\u00f3n de quienes alcanzaron una de las conquistas m\u00e1s importantes a las que aspiran muchas familias sampedrinas, se realiz\u00f3 la entrega de la escritura correspondiente a sus viviendas, en el marco del Plan de Regularizaci\u00f3n Dominial Ley 24.374 (Ley Pierri).<\/p>\n\n\n\n<p>En total son dieciocho familias que recibieron la escritura definitiva de sus casas luego de haber transcurrido los 10 a\u00f1os necesarios para consolidar la misma.<\/p>\n\n\n\n<p>El Secretario de Gobierno, Mart\u00edn Baraybar y el Secretario de Obras, Planeamiento y Catastro, Dr. Javier Silva, en representaci\u00f3n del Intendente Cecilio Salazar, remarcaron la continuidad y el \u00e9xito de este tipo de gestiones que ha venido generando a trav\u00e9s de los \u00faltimos a\u00f1os, brind\u00e1ndole a las familias la seguridad que merecen sobre sus propiedades.<\/p>\n\n\n\n<p>Durante la ceremonia, estuvieron presentes el Director de Acciones Escriturarias de la Subsecretar\u00eda de H\u00e1bitat de la Comunidad de la Provincia de Buenos Aires, Dr. Ariel Trovero y la Dra. Valeria Leboso de la Oficina Municipal de Escrituraciones, quienes acompa\u00f1aron a las familias en este importante momento.<\/p>\n\n\n\n<p>Desde la Oficina de Escrituraciones de la Municipalidad de San Pedro se contin\u00faa trabajando para garantizar el acceso a la propiedad de la tierra y mejorar la calidad de vida de los vecinos y vecinas\u00a0de\u00a0la\u00a0ciudad.<\/p>\n\n\n\n<figure class=\"wp-block-image size-full\"><img decoding=\"async\" width=\"946\" height=\"630\" data-attachment-id=\"123706\" data-permalink=\"https:\/\/eldiariodesanpedro.com.ar\/sitio\/nuevo-acto-de-entrega-de-escrituras-en-la-municipalidad\/imagen-de-whatsapp-2023-11-08-a-las-13-49-04_2cd66d49\/\" data-orig-file=\"https:\/\/eldiariodesanpedro.com.ar\/sitio\/wp-content\/uploads\/2023\/11\/Imagen-de-WhatsApp-2023-11-08-a-las-13.49.04_2cd66d49.jpg\" data-orig-size=\"946,630\" data-comments-opened=\"0\" data-image-meta=\"{&quot;aperture&quot;:&quot;0&quot;,&quot;credit&quot;:&quot;&quot;,&quot;camera&quot;:&quot;&quot;,&quot;caption&quot;:&quot;&quot;,&quot;created_timestamp&quot;:&quot;0&quot;,&quot;copyright&quot;:&quot;&quot;,&quot;focal_length&quot;:&quot;0&quot;,&quot;iso&quot;:&quot;0&quot;,&quot;shutter_speed&quot;:&quot;0&quot;,&quot;title&quot;:&quot;&quot;,&quot;orientation&quot;:&quot;0&quot;}\" data-image-title=\"Imagen de WhatsApp 2023-11-08 a las 13.49.04_2cd66d49\" data-image-description=\"\" data-image-caption=\"\" data-large-file=\"https:\/\/eldiariodesanpedro.com.ar\/sitio\/wp-content\/uploads\/2023\/11\/Imagen-de-WhatsApp-2023-11-08-a-las-13.49.04_2cd66d49.jpg\" data-src=\"https:\/\/eldiariodesanpedro.com.ar\/sitio\/wp-content\/uploads\/2023\/11\/Imagen-de-WhatsApp-2023-11-08-a-las-13.49.04_2cd66d49.jpg\" alt=\"\" class=\"wp-image-123706 lazyload\" data-srcset=\"https:\/\/eldiariodesanpedro.com.ar\/sitio\/wp-content\/uploads\/2023\/11\/Imagen-de-WhatsApp-2023-11-08-a-las-13.49.04_2cd66d49.jpg 946w, https:\/\/eldiariodesanpedro.com.ar\/sitio\/wp-content\/uploads\/2023\/11\/Imagen-de-WhatsApp-2023-11-08-a-las-13.49.04_2cd66d49-300x200.jpg 300w, https:\/\/eldiariodesanpedro.com.ar\/sitio\/wp-content\/uploads\/2023\/11\/Imagen-de-WhatsApp-2023-11-08-a-las-13.49.04_2cd66d49-768x511.jpg 768w\" data-sizes=\"(max-width: 946px) 100vw, 946px\" src=\"data:image\/svg+xml;base64,PHN2ZyB3aWR0aD0iMSIgaGVpZ2h0PSIxIiB4bWxucz0iaHR0cDovL3d3dy53My5vcmcvMjAwMC9zdmciPjwvc3ZnPg==\" style=\"--smush-placeholder-width: 946px; --smush-placeholder-aspect-ratio: 946\/630;\" \/><\/figure>\n\n\n\n<figure class=\"wp-block-image size-full\"><img decoding=\"async\" width=\"946\" height=\"630\" data-attachment-id=\"123710\" data-permalink=\"https:\/\/eldiariodesanpedro.com.ar\/sitio\/nuevo-acto-de-entrega-de-escrituras-en-la-municipalidad\/imagen-de-whatsapp-2023-11-08-a-las-13-49-09_98047efd\/\" data-orig-file=\"https:\/\/eldiariodesanpedro.com.ar\/sitio\/wp-content\/uploads\/2023\/11\/Imagen-de-WhatsApp-2023-11-08-a-las-13.49.09_98047efd.jpg\" data-orig-size=\"946,630\" data-comments-opened=\"0\" data-image-meta=\"{&quot;aperture&quot;:&quot;0&quot;,&quot;credit&quot;:&quot;&quot;,&quot;camera&quot;:&quot;&quot;,&quot;caption&quot;:&quot;&quot;,&quot;created_timestamp&quot;:&quot;0&quot;,&quot;copyright&quot;:&quot;&quot;,&quot;focal_length&quot;:&quot;0&quot;,&quot;iso&quot;:&quot;0&quot;,&quot;shutter_speed&quot;:&quot;0&quot;,&quot;title&quot;:&quot;&quot;,&quot;orientation&quot;:&quot;0&quot;}\" data-image-title=\"Imagen de WhatsApp 2023-11-08 a las 13.49.09_98047efd\" data-image-description=\"\" data-image-caption=\"\" data-large-file=\"https:\/\/eldiariodesanpedro.com.ar\/sitio\/wp-content\/uploads\/2023\/11\/Imagen-de-WhatsApp-2023-11-08-a-las-13.49.09_98047efd.jpg\" data-src=\"https:\/\/eldiariodesanpedro.com.ar\/sitio\/wp-content\/uploads\/2023\/11\/Imagen-de-WhatsApp-2023-11-08-a-las-13.49.09_98047efd.jpg\" alt=\"\" class=\"wp-image-123710 lazyload\" data-srcset=\"https:\/\/eldiariodesanpedro.com.ar\/sitio\/wp-content\/uploads\/2023\/11\/Imagen-de-WhatsApp-2023-11-08-a-las-13.49.09_98047efd.jpg 946w, https:\/\/eldiariodesanpedro.com.ar\/sitio\/wp-content\/uploads\/2023\/11\/Imagen-de-WhatsApp-2023-11-08-a-las-13.49.09_98047efd-300x200.jpg 300w, https:\/\/eldiariodesanpedro.com.ar\/sitio\/wp-content\/uploads\/2023\/11\/Imagen-de-WhatsApp-2023-11-08-a-las-13.49.09_98047efd-768x511.jpg 768w\" data-sizes=\"(max-width: 946px) 100vw, 946px\" src=\"data:image\/svg+xml;base64,PHN2ZyB3aWR0aD0iMSIgaGVpZ2h0PSIxIiB4bWxucz0iaHR0cDovL3d3dy53My5vcmcvMjAwMC9zdmciPjwvc3ZnPg==\" style=\"--smush-placeholder-width: 946px; --smush-placeholder-aspect-ratio: 946\/630;\" \/><\/figure>\n\n\n\n<figure class=\"wp-block-image size-full\"><img decoding=\"async\" width=\"946\" height=\"630\" data-attachment-id=\"123709\" data-permalink=\"https:\/\/eldiariodesanpedro.com.ar\/sitio\/nuevo-acto-de-entrega-de-escrituras-en-la-municipalidad\/imagen-de-whatsapp-2023-11-08-a-las-13-49-09_1fc97349\/\" data-orig-file=\"https:\/\/eldiariodesanpedro.com.ar\/sitio\/wp-content\/uploads\/2023\/11\/Imagen-de-WhatsApp-2023-11-08-a-las-13.49.09_1fc97349.jpg\" data-orig-size=\"946,630\" data-comments-opened=\"0\" data-image-meta=\"{&quot;aperture&quot;:&quot;0&quot;,&quot;credit&quot;:&quot;&quot;,&quot;camera&quot;:&quot;&quot;,&quot;caption&quot;:&quot;&quot;,&quot;created_timestamp&quot;:&quot;0&quot;,&quot;copyright&quot;:&quot;&quot;,&quot;focal_length&quot;:&quot;0&quot;,&quot;iso&quot;:&quot;0&quot;,&quot;shutter_speed&quot;:&quot;0&quot;,&quot;title&quot;:&quot;&quot;,&quot;orientation&quot;:&quot;0&quot;}\" data-image-title=\"Imagen de WhatsApp 2023-11-08 a las 13.49.09_1fc97349\" data-image-description=\"\" data-image-caption=\"\" data-large-file=\"https:\/\/eldiariodesanpedro.com.ar\/sitio\/wp-content\/uploads\/2023\/11\/Imagen-de-WhatsApp-2023-11-08-a-las-13.49.09_1fc97349.jpg\" data-src=\"https:\/\/eldiariodesanpedro.com.ar\/sitio\/wp-content\/uploads\/2023\/11\/Imagen-de-WhatsApp-2023-11-08-a-las-13.49.09_1fc97349.jpg\" alt=\"\" class=\"wp-image-123709 lazyload\" data-srcset=\"https:\/\/eldiariodesanpedro.com.ar\/sitio\/wp-content\/uploads\/2023\/11\/Imagen-de-WhatsApp-2023-11-08-a-las-13.49.09_1fc97349.jpg 946w, https:\/\/eldiariodesanpedro.com.ar\/sitio\/wp-content\/uploads\/2023\/11\/Imagen-de-WhatsApp-2023-11-08-a-las-13.49.09_1fc97349-300x200.jpg 300w, https:\/\/eldiariodesanpedro.com.ar\/sitio\/wp-content\/uploads\/2023\/11\/Imagen-de-WhatsApp-2023-11-08-a-las-13.49.09_1fc97349-768x511.jpg 768w\" data-sizes=\"(max-width: 946px) 100vw, 946px\" src=\"data:image\/svg+xml;base64,PHN2ZyB3aWR0aD0iMSIgaGVpZ2h0PSIxIiB4bWxucz0iaHR0cDovL3d3dy53My5vcmcvMjAwMC9zdmciPjwvc3ZnPg==\" style=\"--smush-placeholder-width: 946px; --smush-placeholder-aspect-ratio: 946\/630;\" \/><\/figure>\n","protected":false},"excerpt":{"rendered":"<p>Esta ma\u00f1ana en el despacho oficial se concret\u00f3 un nuevo acto de entrega de escrituras para familias que iniciaron sus gestiones a trav\u00e9s de la Subsecretar\u00eda de H\u00e1bitat de la Comunidad del Ministerio de Desarrollo de la Comunidad y la Oficina de Escrituraciones de la Municipalidad de San Pedro. En un nuevo encuentro atravesado por [&hellip;]<\/p>\n","protected":false},"author":4,"featured_media":123708,"comment_status":"closed","ping_status":"closed","sticky":false,"template":"","format":"standard","meta":{"om_disable_all_campaigns":false,"_jetpack_memberships_contains_paid_content":false,"footnotes":""},"categories":[50,101,2],"tags":[197,696,33,4587,19],"class_list":["post-123704","post","type-post","status-publish","format-standard","has-post-thumbnail","hentry","category-destacadas","category-interes-general-locales","category-locales","tag-buenos-aires","tag-interes-general","tag-locales","tag-nuevo-acto-de-entrega-de-escrituras-en-la-municipalidad","tag-san-pedro"],"aioseo_notices":[],"gutentor_comment":0,"jetpack_featured_media_url":"https:\/\/eldiariodesanpedro.com.ar\/sitio\/wp-content\/uploads\/2023\/11\/Imagen-de-WhatsApp-2023-11-08-a-las-13.49.08_7bf86ca0.jpg","jetpack_shortlink":"https:\/\/wp.me\/p6RhLt-wbe","jetpack_sharing_enabled":true,"_links":{"self":[{"href":"https:\/\/eldiariodesanpedro.com.ar\/sitio\/wp-json\/wp\/v2\/posts\/123704","targetHints":{"allow":["GET"]}}],"collection":[{"href":"https:\/\/eldiariodesanpedro.com.ar\/sitio\/wp-json\/wp\/v2\/posts"}],"about":[{"href":"https:\/\/eldiariodesanpedro.com.ar\/sitio\/wp-json\/wp\/v2\/types\/post"}],"author":[{"embeddable":true,"href":"https:\/\/eldiariodesanpedro.com.ar\/sitio\/wp-json\/wp\/v2\/users\/4"}],"replies":[{"embeddable":true,"href":"https:\/\/eldiariodesanpedro.com.ar\/sitio\/wp-json\/wp\/v2\/comments?post=123704"}],"version-history":[{"count":1,"href":"https:\/\/eldiariodesanpedro.com.ar\/sitio\/wp-json\/wp\/v2\/posts\/123704\/revisions"}],"predecessor-version":[{"id":123711,"href":"https:\/\/eldiariodesanpedro.com.ar\/sitio\/wp-json\/wp\/v2\/posts\/123704\/revisions\/123711"}],"wp:featuredmedia":[{"embeddable":true,"href":"https:\/\/eldiariodesanpedro.com.ar\/sitio\/wp-json\/wp\/v2\/media\/123708"}],"wp:attachment":[{"href":"https:\/\/eldiariodesanpedro.com.ar\/sitio\/wp-json\/wp\/v2\/media?parent=123704"}],"wp:term":[{"taxonomy":"category","embeddable":true,"href":"https:\/\/eldiariodesanpedro.com.ar\/sitio\/wp-json\/wp\/v2\/categories?post=123704"},{"taxonomy":"post_tag","embeddable":true,"href":"https:\/\/eldiariodesanpedro.com.ar\/sitio\/wp-json\/wp\/v2\/tags?post=123704"}],"curies":[{"name":"wp","href":"https:\/\/api.w.org\/{rel}","templated":true}]}}