{"id":123700,"date":"2023-11-09T10:09:35","date_gmt":"2023-11-09T13:09:35","guid":{"rendered":"https:\/\/eldiariodesanpedro.com.ar\/sitio\/?p=123700"},"modified":"2023-11-09T10:09:37","modified_gmt":"2023-11-09T13:09:37","slug":"jose-luis-aguilar-finalizo-la-creacion-del-museo-sposito-en-baradero","status":"publish","type":"post","link":"https:\/\/eldiariodesanpedro.com.ar\/sitio\/jose-luis-aguilar-finalizo-la-creacion-del-museo-sposito-en-baradero\/","title":{"rendered":"Jos\u00e9 Luis Aguilar finaliz\u00f3 la creaci\u00f3n del Museo Sp\u00f3sito, en Baradero"},"content":{"rendered":"<!-- VideographyWP Plugin Message: Automatic video embedding prevented by plugin options. -->\n\n<p>El sampedrino Jos\u00e9 Luis Aguilar, impulsor de gran parte del circuito de museos&nbsp;que posee San Pedro, acaba de finalizar la creaci\u00f3n del Museo Sp\u00f3sito, en la vecina ciudad de Baradero.<\/p>\n\n\n\n<p>Con un mensaje en su red social Facebook agradeciendo a la familia Sp\u00f3sito y a personas que colaboraron durante el proceso, dio por finalizada su participaci\u00f3n en el nacimiento de un nuevo museo en dicha&nbsp;localidad, transform\u00e1ndose, as\u00ed, en el primer sampedrino en crear este tipo de atractivos culturales en otra ciudad.&nbsp;<\/p>\n\n\n\n<p>As\u00ed se expres\u00f3 en su mensaje:<\/p>\n\n\n\n<p>\u00abFIN DE UNA ETAPA&#8230;<\/p>\n\n\n\n<p>Hoy, despu\u00e9s de un par de a\u00f1os de construcci\u00f3n del edificio, de recopilaci\u00f3n de datos, b\u00fasqueda de im\u00e1genes, an\u00e9cdotas, bucear en la historia empresarial de una familia y crear desde cero la colecci\u00f3n para un museo&#8230;.he dado por finalizada la etapa de creaci\u00f3n de un nuevo \u00e1mbito cultural. Esta vez, en la hermosa ciudad de Baradero.<\/p>\n\n\n\n<p>Ha sido un gusto y un orgullo, haber sido elegido por la familia Sp\u00f3sito para contar, reunir y poner en valor, toda su historia familiar en ese lugar. Un lugar para la posteridad. Para que las nuevas generaciones palpen el esfuerzo, la dedicaci\u00f3n y la garra que hay que poner para ganarse el progreso y el crecimiento de una empresa familiar. Y con ella, las decenas de fuentes de trabajo que se crean alrededor.<\/p>\n\n\n\n<p>Gracias a Don Pedro Sp\u00f3sito. A todos los miembros de la familia por haber aceptado el proyecto desde la primera reuni\u00f3n&#8230;&nbsp;<\/p>\n\n\n\n<p>A todos, a TODOS<\/p>\n\n\n\n<p>Ahora a esperar el momento en el que la familia decida el futuro de su museo\u00bb.<\/p>\n\n\n\n<p>El museo, planteado en una \u00fanica sala de amplias dimensiones&nbsp;posee, como protagonistas&nbsp;principales, a los restos del \u00abTudesco\u00bb, el primer barco con el que se fund\u00f3 la empresa, rodeado de numerosos objetos hist\u00f3ricos.&nbsp;<\/p>\n\n\n\n<p>En el proyecto del edificio que cobija a la colecci\u00f3n, Aguilar trabaj\u00f3 en conjunto con la Arq. Susana Degese.&nbsp;<\/p>\n\n\n\n<p>Tambi\u00e9n reuni\u00f3 una gran colecci\u00f3n de im\u00e1genes del trabajo familiar durante el siglo pasado, del r\u00edo y su gente; y decenas de objetos de usos aplicables al quehacer diario de una empresa arenera como Sp\u00f3sito.&nbsp;<\/p>\n","protected":false},"excerpt":{"rendered":"<p>El sampedrino Jos\u00e9 Luis Aguilar, impulsor de gran parte del circuito de museos&nbsp;que posee San Pedro, acaba de finalizar la creaci\u00f3n del Museo Sp\u00f3sito, en la vecina ciudad de Baradero. Con un mensaje en su red social Facebook agradeciendo a la familia Sp\u00f3sito y a personas que colaboraron durante el proceso, dio por finalizada su [&hellip;]<\/p>\n","protected":false},"author":4,"featured_media":123701,"comment_status":"closed","ping_status":"closed","sticky":false,"template":"","format":"standard","meta":{"om_disable_all_campaigns":false,"_jetpack_memberships_contains_paid_content":false,"footnotes":""},"categories":[50,101,2],"tags":[197,696,33,19],"class_list":["post-123700","post","type-post","status-publish","format-standard","has-post-thumbnail","hentry","category-destacadas","category-interes-general-locales","category-locales","tag-buenos-aires","tag-interes-general","tag-locales","tag-san-pedro"],"aioseo_notices":[],"gutentor_comment":0,"jetpack_featured_media_url":"https:\/\/eldiariodesanpedro.com.ar\/sitio\/wp-content\/uploads\/2023\/11\/IMG-20231107-WA0036.jpg","jetpack_shortlink":"https:\/\/wp.me\/p6RhLt-wba","jetpack_sharing_enabled":true,"_links":{"self":[{"href":"https:\/\/eldiariodesanpedro.com.ar\/sitio\/wp-json\/wp\/v2\/posts\/123700","targetHints":{"allow":["GET"]}}],"collection":[{"href":"https:\/\/eldiariodesanpedro.com.ar\/sitio\/wp-json\/wp\/v2\/posts"}],"about":[{"href":"https:\/\/eldiariodesanpedro.com.ar\/sitio\/wp-json\/wp\/v2\/types\/post"}],"author":[{"embeddable":true,"href":"https:\/\/eldiariodesanpedro.com.ar\/sitio\/wp-json\/wp\/v2\/users\/4"}],"replies":[{"embeddable":true,"href":"https:\/\/eldiariodesanpedro.com.ar\/sitio\/wp-json\/wp\/v2\/comments?post=123700"}],"version-history":[{"count":1,"href":"https:\/\/eldiariodesanpedro.com.ar\/sitio\/wp-json\/wp\/v2\/posts\/123700\/revisions"}],"predecessor-version":[{"id":123703,"href":"https:\/\/eldiariodesanpedro.com.ar\/sitio\/wp-json\/wp\/v2\/posts\/123700\/revisions\/123703"}],"wp:featuredmedia":[{"embeddable":true,"href":"https:\/\/eldiariodesanpedro.com.ar\/sitio\/wp-json\/wp\/v2\/media\/123701"}],"wp:attachment":[{"href":"https:\/\/eldiariodesanpedro.com.ar\/sitio\/wp-json\/wp\/v2\/media?parent=123700"}],"wp:term":[{"taxonomy":"category","embeddable":true,"href":"https:\/\/eldiariodesanpedro.com.ar\/sitio\/wp-json\/wp\/v2\/categories?post=123700"},{"taxonomy":"post_tag","embeddable":true,"href":"https:\/\/eldiariodesanpedro.com.ar\/sitio\/wp-json\/wp\/v2\/tags?post=123700"}],"curies":[{"name":"wp","href":"https:\/\/api.w.org\/{rel}","templated":true}]}}