{"id":123672,"date":"2023-11-07T15:54:05","date_gmt":"2023-11-07T18:54:05","guid":{"rendered":"https:\/\/eldiariodesanpedro.com.ar\/sitio\/?p=123672"},"modified":"2023-11-07T15:54:07","modified_gmt":"2023-11-07T18:54:07","slug":"delincuente-fue-atrapado-por-la-policia-en-el-interior-de-una-casa","status":"publish","type":"post","link":"https:\/\/eldiariodesanpedro.com.ar\/sitio\/delincuente-fue-atrapado-por-la-policia-en-el-interior-de-una-casa\/","title":{"rendered":"Delincuente fue atrapado por la polic\u00eda en el interior de una casa"},"content":{"rendered":"<!-- VideographyWP Plugin Message: Automatic video embedding prevented by plugin options. -->\n\n<p><a href=\"https:\/\/canalwebsanpedro.com.ar\/delincuente-fue-atrapado-por-la-policia-en-el-interior-de-una-casa\/\"><\/a>Ayer en la noche, el personal de la Comisar\u00eda respondi\u00f3 a una llamada de emergencia en la calle Pellegrini, entre Pav\u00f3n y Caseros, que result\u00f3 en la aprehensi\u00f3n de un individuo de 23 a\u00f1os. Este sujeto fue sorprendido tratando de ingresar a una vivienda en la calle Ruffa al 200.<\/p>\n\n\n\n<p>Seg\u00fan fuentes policiales, momentos antes del intento de invasi\u00f3n de domicilio, el individuo hab\u00eda sido identificado como el presunto autor del hurto de una bicicleta de dama de rodado 26, de color verde, que hab\u00eda sido sustra\u00edda de las afueras de un comercio en la intersecci\u00f3n de las calles Bottaro y Ruffa.<\/p>\n","protected":false},"excerpt":{"rendered":"<p>Ayer en la noche, el personal de la Comisar\u00eda respondi\u00f3 a una llamada de emergencia en la calle Pellegrini, entre Pav\u00f3n y Caseros, que result\u00f3 en la aprehensi\u00f3n de un individuo de 23 a\u00f1os. Este sujeto fue sorprendido tratando de ingresar a una vivienda en la calle Ruffa al 200. Seg\u00fan fuentes policiales, momentos antes [&hellip;]<\/p>\n","protected":false},"author":4,"featured_media":123673,"comment_status":"closed","ping_status":"closed","sticky":false,"template":"","format":"standard","meta":{"om_disable_all_campaigns":false,"_jetpack_memberships_contains_paid_content":false,"footnotes":""},"categories":[2,103],"tags":[197,33,95,19],"class_list":["post-123672","post","type-post","status-publish","format-standard","has-post-thumbnail","hentry","category-locales","category-policiales-locales","tag-buenos-aires","tag-locales","tag-policiales","tag-san-pedro"],"aioseo_notices":[],"gutentor_comment":0,"jetpack_featured_media_url":"https:\/\/eldiariodesanpedro.com.ar\/sitio\/wp-content\/uploads\/2023\/11\/dete.jpg","jetpack_shortlink":"https:\/\/wp.me\/p6RhLt-waI","jetpack_sharing_enabled":true,"_links":{"self":[{"href":"https:\/\/eldiariodesanpedro.com.ar\/sitio\/wp-json\/wp\/v2\/posts\/123672","targetHints":{"allow":["GET"]}}],"collection":[{"href":"https:\/\/eldiariodesanpedro.com.ar\/sitio\/wp-json\/wp\/v2\/posts"}],"about":[{"href":"https:\/\/eldiariodesanpedro.com.ar\/sitio\/wp-json\/wp\/v2\/types\/post"}],"author":[{"embeddable":true,"href":"https:\/\/eldiariodesanpedro.com.ar\/sitio\/wp-json\/wp\/v2\/users\/4"}],"replies":[{"embeddable":true,"href":"https:\/\/eldiariodesanpedro.com.ar\/sitio\/wp-json\/wp\/v2\/comments?post=123672"}],"version-history":[{"count":1,"href":"https:\/\/eldiariodesanpedro.com.ar\/sitio\/wp-json\/wp\/v2\/posts\/123672\/revisions"}],"predecessor-version":[{"id":123674,"href":"https:\/\/eldiariodesanpedro.com.ar\/sitio\/wp-json\/wp\/v2\/posts\/123672\/revisions\/123674"}],"wp:featuredmedia":[{"embeddable":true,"href":"https:\/\/eldiariodesanpedro.com.ar\/sitio\/wp-json\/wp\/v2\/media\/123673"}],"wp:attachment":[{"href":"https:\/\/eldiariodesanpedro.com.ar\/sitio\/wp-json\/wp\/v2\/media?parent=123672"}],"wp:term":[{"taxonomy":"category","embeddable":true,"href":"https:\/\/eldiariodesanpedro.com.ar\/sitio\/wp-json\/wp\/v2\/categories?post=123672"},{"taxonomy":"post_tag","embeddable":true,"href":"https:\/\/eldiariodesanpedro.com.ar\/sitio\/wp-json\/wp\/v2\/tags?post=123672"}],"curies":[{"name":"wp","href":"https:\/\/api.w.org\/{rel}","templated":true}]}}