{"id":123669,"date":"2023-11-07T15:30:04","date_gmt":"2023-11-07T18:30:04","guid":{"rendered":"https:\/\/eldiariodesanpedro.com.ar\/sitio\/?p=123669"},"modified":"2023-11-07T15:30:06","modified_gmt":"2023-11-07T18:30:06","slug":"choque-entre-un-camion-y-una-moto-deja-un-herido","status":"publish","type":"post","link":"https:\/\/eldiariodesanpedro.com.ar\/sitio\/choque-entre-un-camion-y-una-moto-deja-un-herido\/","title":{"rendered":"Choque entre un cami\u00f3n y una moto deja un herido"},"content":{"rendered":"<!-- VideographyWP Plugin Message: Automatic video embedding prevented by plugin options. -->\n\n<p>El incidente ocurri\u00f3 despu\u00e9s de las 7 AM de este lunes en la intersecci\u00f3n de las calles Salta y 3 de Febrero. Una moto y un cami\u00f3n colisionaron, y las autoridades est\u00e1n investigando las causas del choque.<\/p>\n\n\n\n<p>La moto, de 110 cc, transitaba por la avenida y choc\u00f3 contra la carrocer\u00eda de uno de los camiones de transporte de cargas generales de la empresa de correo privado Andreani que cruzaba por la calle Salta.<\/p>\n","protected":false},"excerpt":{"rendered":"<p>El incidente ocurri\u00f3 despu\u00e9s de las 7 AM de este lunes en la intersecci\u00f3n de las calles Salta y 3 de Febrero. Una moto y un cami\u00f3n colisionaron, y las autoridades est\u00e1n investigando las causas del choque. La moto, de 110 cc, transitaba por la avenida y choc\u00f3 contra la carrocer\u00eda de uno de los [&hellip;]<\/p>\n","protected":false},"author":4,"featured_media":123670,"comment_status":"closed","ping_status":"closed","sticky":false,"template":"","format":"standard","meta":{"om_disable_all_campaigns":false,"_jetpack_memberships_contains_paid_content":false,"footnotes":""},"categories":[2,103],"tags":[197,33,95,19],"class_list":["post-123669","post","type-post","status-publish","format-standard","has-post-thumbnail","hentry","category-locales","category-policiales-locales","tag-buenos-aires","tag-locales","tag-policiales","tag-san-pedro"],"aioseo_notices":[],"gutentor_comment":0,"jetpack_featured_media_url":"https:\/\/eldiariodesanpedro.com.ar\/sitio\/wp-content\/uploads\/2023\/11\/WhatsApp-Image-2023-11-06-at-09.10.30.jpeg","jetpack_shortlink":"https:\/\/wp.me\/p6RhLt-waF","jetpack_sharing_enabled":true,"_links":{"self":[{"href":"https:\/\/eldiariodesanpedro.com.ar\/sitio\/wp-json\/wp\/v2\/posts\/123669","targetHints":{"allow":["GET"]}}],"collection":[{"href":"https:\/\/eldiariodesanpedro.com.ar\/sitio\/wp-json\/wp\/v2\/posts"}],"about":[{"href":"https:\/\/eldiariodesanpedro.com.ar\/sitio\/wp-json\/wp\/v2\/types\/post"}],"author":[{"embeddable":true,"href":"https:\/\/eldiariodesanpedro.com.ar\/sitio\/wp-json\/wp\/v2\/users\/4"}],"replies":[{"embeddable":true,"href":"https:\/\/eldiariodesanpedro.com.ar\/sitio\/wp-json\/wp\/v2\/comments?post=123669"}],"version-history":[{"count":1,"href":"https:\/\/eldiariodesanpedro.com.ar\/sitio\/wp-json\/wp\/v2\/posts\/123669\/revisions"}],"predecessor-version":[{"id":123671,"href":"https:\/\/eldiariodesanpedro.com.ar\/sitio\/wp-json\/wp\/v2\/posts\/123669\/revisions\/123671"}],"wp:featuredmedia":[{"embeddable":true,"href":"https:\/\/eldiariodesanpedro.com.ar\/sitio\/wp-json\/wp\/v2\/media\/123670"}],"wp:attachment":[{"href":"https:\/\/eldiariodesanpedro.com.ar\/sitio\/wp-json\/wp\/v2\/media?parent=123669"}],"wp:term":[{"taxonomy":"category","embeddable":true,"href":"https:\/\/eldiariodesanpedro.com.ar\/sitio\/wp-json\/wp\/v2\/categories?post=123669"},{"taxonomy":"post_tag","embeddable":true,"href":"https:\/\/eldiariodesanpedro.com.ar\/sitio\/wp-json\/wp\/v2\/tags?post=123669"}],"curies":[{"name":"wp","href":"https:\/\/api.w.org\/{rel}","templated":true}]}}