{"id":123666,"date":"2023-11-07T15:22:10","date_gmt":"2023-11-07T18:22:10","guid":{"rendered":"https:\/\/eldiariodesanpedro.com.ar\/sitio\/?p=123666"},"modified":"2023-11-07T15:22:13","modified_gmt":"2023-11-07T18:22:13","slug":"dos-sujetos-detenidos-por-intento-de-usurpacion-de-una-vivienda","status":"publish","type":"post","link":"https:\/\/eldiariodesanpedro.com.ar\/sitio\/dos-sujetos-detenidos-por-intento-de-usurpacion-de-una-vivienda\/","title":{"rendered":"Dos sujetos detenidos por intento de usurpaci\u00f3n de una vivienda"},"content":{"rendered":"<!-- VideographyWP Plugin Message: Automatic video embedding prevented by plugin options. -->\n\n<p>En una operaci\u00f3n realizada ayer, las autoridades policiales de la Estaci\u00f3n de Polic\u00eda Comunal respondieron a una alerta del centro de monitoreo que llev\u00f3 a la detenci\u00f3n de dos individuos, de 30 y 18 a\u00f1os de edad, en el interior de una vivienda ubicada en la calle Ayacucho al 700, presuntamente con la intenci\u00f3n de usurparla.<\/p>\n\n\n\n<p>Seg\u00fan fuentes oficiales, la respuesta inmediata de la polic\u00eda fue esencial para prevenir un posible acto de usurpaci\u00f3n en la propiedad mencionada. Los dos sospechosos fueron detenidos en el lugar y notificados de la formaci\u00f3n de una causa legal en su contra.<\/p>\n\n\n\n<p>Despu\u00e9s de la notificaci\u00f3n, los detenidos recuperaron su libertad, aunque la investigaci\u00f3n sobre el incidente contin\u00faa. La Unidad Fiscal de Instrucci\u00f3n N\u00famero 11 (UFI 11) est\u00e1 a cargo de la investigaci\u00f3n y determinar\u00e1 las acciones legales subsiguientes en este caso.<\/p>\n","protected":false},"excerpt":{"rendered":"<p>En una operaci\u00f3n realizada ayer, las autoridades policiales de la Estaci\u00f3n de Polic\u00eda Comunal respondieron a una alerta del centro de monitoreo que llev\u00f3 a la detenci\u00f3n de dos individuos, de 30 y 18 a\u00f1os de edad, en el interior de una vivienda ubicada en la calle Ayacucho al 700, presuntamente con la intenci\u00f3n de [&hellip;]<\/p>\n","protected":false},"author":4,"featured_media":123667,"comment_status":"closed","ping_status":"closed","sticky":false,"template":"","format":"standard","meta":{"om_disable_all_campaigns":false,"_jetpack_memberships_contains_paid_content":false,"footnotes":""},"categories":[2,103],"tags":[197,33,95,19],"class_list":["post-123666","post","type-post","status-publish","format-standard","has-post-thumbnail","hentry","category-locales","category-policiales-locales","tag-buenos-aires","tag-locales","tag-policiales","tag-san-pedro"],"aioseo_notices":[],"gutentor_comment":0,"jetpack_featured_media_url":"https:\/\/eldiariodesanpedro.com.ar\/sitio\/wp-content\/uploads\/2023\/11\/usurpa.jpg","jetpack_shortlink":"https:\/\/wp.me\/p6RhLt-waC","jetpack_sharing_enabled":true,"_links":{"self":[{"href":"https:\/\/eldiariodesanpedro.com.ar\/sitio\/wp-json\/wp\/v2\/posts\/123666","targetHints":{"allow":["GET"]}}],"collection":[{"href":"https:\/\/eldiariodesanpedro.com.ar\/sitio\/wp-json\/wp\/v2\/posts"}],"about":[{"href":"https:\/\/eldiariodesanpedro.com.ar\/sitio\/wp-json\/wp\/v2\/types\/post"}],"author":[{"embeddable":true,"href":"https:\/\/eldiariodesanpedro.com.ar\/sitio\/wp-json\/wp\/v2\/users\/4"}],"replies":[{"embeddable":true,"href":"https:\/\/eldiariodesanpedro.com.ar\/sitio\/wp-json\/wp\/v2\/comments?post=123666"}],"version-history":[{"count":1,"href":"https:\/\/eldiariodesanpedro.com.ar\/sitio\/wp-json\/wp\/v2\/posts\/123666\/revisions"}],"predecessor-version":[{"id":123668,"href":"https:\/\/eldiariodesanpedro.com.ar\/sitio\/wp-json\/wp\/v2\/posts\/123666\/revisions\/123668"}],"wp:featuredmedia":[{"embeddable":true,"href":"https:\/\/eldiariodesanpedro.com.ar\/sitio\/wp-json\/wp\/v2\/media\/123667"}],"wp:attachment":[{"href":"https:\/\/eldiariodesanpedro.com.ar\/sitio\/wp-json\/wp\/v2\/media?parent=123666"}],"wp:term":[{"taxonomy":"category","embeddable":true,"href":"https:\/\/eldiariodesanpedro.com.ar\/sitio\/wp-json\/wp\/v2\/categories?post=123666"},{"taxonomy":"post_tag","embeddable":true,"href":"https:\/\/eldiariodesanpedro.com.ar\/sitio\/wp-json\/wp\/v2\/tags?post=123666"}],"curies":[{"name":"wp","href":"https:\/\/api.w.org\/{rel}","templated":true}]}}