{"id":12366,"date":"2017-01-06T19:18:43","date_gmt":"2017-01-06T22:18:43","guid":{"rendered":"https:\/\/eldiariodesanpedro.com.ar\/sitio\/?p=12366"},"modified":"2017-01-06T19:18:43","modified_gmt":"2017-01-06T22:18:43","slug":"baradero-la-empresa-germaiz-tiene-nuevos-duenos","status":"publish","type":"post","link":"https:\/\/eldiariodesanpedro.com.ar\/sitio\/baradero-la-empresa-germaiz-tiene-nuevos-duenos\/","title":{"rendered":"Baradero: La empresa Germa\u00edz tiene nuevos due\u00f1os"},"content":{"rendered":"<p><!-- VideographyWP Plugin Message: Automatic video embedding prevented by plugin options. --><br \/>\nLo asegur\u00f3 Rub\u00e9n Gonz\u00e1lez, delegado del gremio de los aceiteros a nivel local, quien confirm\u00f3 que la empresa tendr\u00eda nuevos due\u00f1os. Se tratar\u00eda de un grupo inversor y el responsable de las Plantas de San Justo y Baradero ser\u00e1 el baraderense Mart\u00edn Demierre.<\/p>\n<p>Gonz\u00e1lez, en la charla, fue cauto debido a que ya son varias las veces que \u201cse queman\u201d en estos 9 meses desde que par\u00f3 Germa\u00edz, ya que han surgido muchos rumores, se ilusionaron y qued\u00f3 solo en un intento.<\/p>\n<p>\u201cEn principio es y no es. A nosotros nos han informado que tiene nuevos due\u00f1os la empresa, pero es todo de palabra, \u00e9l se ha presentado tanto ac\u00e1 en Baradero como en San justo como nuevo due\u00f1o, pero nosotros ahora le exigimos que presente un contrato que lo rubrique. Porque como nosotros ahora desconfiamos de todo el mundo, no le creemos m\u00e1s nada a nadie, queremos que se presente ante la c\u00e1mara aceitera como nuevo accionista. Ha presentado un proyecto laboral ante los trabajadores el d\u00eda s\u00e1bado y de ac\u00e1 en m\u00e1s veremos, empieza para nosotros una nueva lucha con un nuevo due\u00f1o, hay mucho para sentarse a dialogar, han pasado muchas cosas, nos est\u00e1n debiendo nueve meses, casi un a\u00f1o de sueldo, m\u00e1s los aguinaldos, supuestamente \u00e9l se ha hecho cargo de la empresa con deudas y todo. S\u00ed va a reactivar la planta, tiene que respetar la antig\u00fcedad de los trabajadores o indemnizarlos y arrancar de cero con \u00e9l como nuevo due\u00f1o, por eso no s\u00e9 hay mucho para conversar. Como primera medida \u00e9l tiene que presentar el contrato que a \u00e9l lo acredita como nuevo due\u00f1o de la empresa.<\/p>\n<p>Quien estuvo con nosotros es el se\u00f1or Demierre y tiene atr\u00e1s el respaldo de un grupo de inversores que nosotros no sabemos qui\u00e9nes son y nosotros queremos saber\u201d. (Baradero Te Informa).<\/p>\n","protected":false},"excerpt":{"rendered":"<p>Lo asegur\u00f3 Rub\u00e9n Gonz\u00e1lez, delegado del gremio de los aceiteros a nivel local, quien confirm\u00f3 que la empresa tendr\u00eda nuevos due\u00f1os. Se tratar\u00eda de un grupo inversor y el responsable de las Plantas de San Justo y Baradero ser\u00e1 el baraderense Mart\u00edn Demierre. Gonz\u00e1lez, en la charla, fue cauto debido a que ya son varias [&hellip;]<\/p>\n","protected":false},"author":4,"featured_media":12367,"comment_status":"open","ping_status":"closed","sticky":false,"template":"","format":"standard","meta":{"om_disable_all_campaigns":false,"_jetpack_memberships_contains_paid_content":false,"footnotes":""},"categories":[621],"tags":[],"class_list":["post-12366","post","type-post","status-publish","format-standard","has-post-thumbnail","hentry","category-regionales"],"aioseo_notices":[],"gutentor_comment":0,"jetpack_featured_media_url":"https:\/\/eldiariodesanpedro.com.ar\/sitio\/wp-content\/uploads\/2017\/01\/Germaiz.jpg","jetpack_shortlink":"https:\/\/wp.me\/p6RhLt-3ds","jetpack_sharing_enabled":true,"_links":{"self":[{"href":"https:\/\/eldiariodesanpedro.com.ar\/sitio\/wp-json\/wp\/v2\/posts\/12366","targetHints":{"allow":["GET"]}}],"collection":[{"href":"https:\/\/eldiariodesanpedro.com.ar\/sitio\/wp-json\/wp\/v2\/posts"}],"about":[{"href":"https:\/\/eldiariodesanpedro.com.ar\/sitio\/wp-json\/wp\/v2\/types\/post"}],"author":[{"embeddable":true,"href":"https:\/\/eldiariodesanpedro.com.ar\/sitio\/wp-json\/wp\/v2\/users\/4"}],"replies":[{"embeddable":true,"href":"https:\/\/eldiariodesanpedro.com.ar\/sitio\/wp-json\/wp\/v2\/comments?post=12366"}],"version-history":[{"count":2,"href":"https:\/\/eldiariodesanpedro.com.ar\/sitio\/wp-json\/wp\/v2\/posts\/12366\/revisions"}],"predecessor-version":[{"id":12369,"href":"https:\/\/eldiariodesanpedro.com.ar\/sitio\/wp-json\/wp\/v2\/posts\/12366\/revisions\/12369"}],"wp:featuredmedia":[{"embeddable":true,"href":"https:\/\/eldiariodesanpedro.com.ar\/sitio\/wp-json\/wp\/v2\/media\/12367"}],"wp:attachment":[{"href":"https:\/\/eldiariodesanpedro.com.ar\/sitio\/wp-json\/wp\/v2\/media?parent=12366"}],"wp:term":[{"taxonomy":"category","embeddable":true,"href":"https:\/\/eldiariodesanpedro.com.ar\/sitio\/wp-json\/wp\/v2\/categories?post=12366"},{"taxonomy":"post_tag","embeddable":true,"href":"https:\/\/eldiariodesanpedro.com.ar\/sitio\/wp-json\/wp\/v2\/tags?post=12366"}],"curies":[{"name":"wp","href":"https:\/\/api.w.org\/{rel}","templated":true}]}}