{"id":123650,"date":"2023-11-07T12:44:13","date_gmt":"2023-11-07T15:44:13","guid":{"rendered":"https:\/\/eldiariodesanpedro.com.ar\/sitio\/?p=123650"},"modified":"2023-11-07T12:44:15","modified_gmt":"2023-11-07T15:44:15","slug":"viernes-de-asueto-por-el-dia-del-trabajador-municipal-2","status":"publish","type":"post","link":"https:\/\/eldiariodesanpedro.com.ar\/sitio\/viernes-de-asueto-por-el-dia-del-trabajador-municipal-2\/","title":{"rendered":"Viernes de asueto por el D\u00eda del Trabajador Municipal"},"content":{"rendered":"<!-- VideographyWP Plugin Message: Automatic video embedding prevented by plugin options. -->\n\n<p>La Municipalidad de San Pedro informa que este viernes 10 de noviembre, por la celebraci\u00f3n del D\u00eda del Trabajador Municipal, no habr\u00e1 actividad en todas las \u00e1reas dependientes tanto en la ciudad como en las localidades.<\/p>\n\n\n\n<p>El asueto administrativo correspondiente fue firmado por las autoridades en el Decreto 1673-2023 del 6 de noviembre.<\/p>\n\n\n\n<p>Como es habitual en esta fecha, se mantienen las guardias respectivas en cada uno de los servicios p\u00fablicos. La fecha recuerda el nacimiento en 1959 de la Confederaci\u00f3n de Obreros y Empleados Municipales de la Rep\u00fablica Argentina, Coema.<\/p>\n\n\n\n<p>En nombre de Intendente Cecilio Salazar y de todo su equipo de gobierno se hace llegar un afectuoso saludo a todo el personal activo y a los jubilados y jubiladas\u00a0municipales.<\/p>\n\n\n<a href=\"https:\/\/eldiariodesanpedro.com.ar\/sitio\/wp-content\/uploads\/2023\/11\/1673.pdf\" class=\"pdfemb-viewer\" style=\"\" data-width=\"max\" data-height=\"max\" data-toolbar=\"bottom\" data-toolbar-fixed=\"off\">1673<\/a>\n<p class=\"wp-block-pdfemb-pdf-embedder-viewer\"><\/p>\n","protected":false},"excerpt":{"rendered":"<p>La Municipalidad de San Pedro informa que este viernes 10 de noviembre, por la celebraci\u00f3n del D\u00eda del Trabajador Municipal, no habr\u00e1 actividad en todas las \u00e1reas dependientes tanto en la ciudad como en las localidades. El asueto administrativo correspondiente fue firmado por las autoridades en el Decreto 1673-2023 del 6 de noviembre. Como es [&hellip;]<\/p>\n","protected":false},"author":4,"featured_media":102760,"comment_status":"closed","ping_status":"closed","sticky":false,"template":"","format":"standard","meta":{"om_disable_all_campaigns":false,"_jetpack_memberships_contains_paid_content":false,"footnotes":""},"categories":[101,2],"tags":[197,696,33,19],"class_list":["post-123650","post","type-post","status-publish","format-standard","has-post-thumbnail","hentry","category-interes-general-locales","category-locales","tag-buenos-aires","tag-interes-general","tag-locales","tag-san-pedro"],"aioseo_notices":[],"gutentor_comment":0,"jetpack_featured_media_url":"https:\/\/eldiariodesanpedro.com.ar\/sitio\/wp-content\/uploads\/2022\/01\/Municipalidad-e1422657513131.jpg","jetpack_shortlink":"https:\/\/wp.me\/p6RhLt-wam","jetpack_sharing_enabled":true,"_links":{"self":[{"href":"https:\/\/eldiariodesanpedro.com.ar\/sitio\/wp-json\/wp\/v2\/posts\/123650","targetHints":{"allow":["GET"]}}],"collection":[{"href":"https:\/\/eldiariodesanpedro.com.ar\/sitio\/wp-json\/wp\/v2\/posts"}],"about":[{"href":"https:\/\/eldiariodesanpedro.com.ar\/sitio\/wp-json\/wp\/v2\/types\/post"}],"author":[{"embeddable":true,"href":"https:\/\/eldiariodesanpedro.com.ar\/sitio\/wp-json\/wp\/v2\/users\/4"}],"replies":[{"embeddable":true,"href":"https:\/\/eldiariodesanpedro.com.ar\/sitio\/wp-json\/wp\/v2\/comments?post=123650"}],"version-history":[{"count":1,"href":"https:\/\/eldiariodesanpedro.com.ar\/sitio\/wp-json\/wp\/v2\/posts\/123650\/revisions"}],"predecessor-version":[{"id":123652,"href":"https:\/\/eldiariodesanpedro.com.ar\/sitio\/wp-json\/wp\/v2\/posts\/123650\/revisions\/123652"}],"wp:featuredmedia":[{"embeddable":true,"href":"https:\/\/eldiariodesanpedro.com.ar\/sitio\/wp-json\/wp\/v2\/media\/102760"}],"wp:attachment":[{"href":"https:\/\/eldiariodesanpedro.com.ar\/sitio\/wp-json\/wp\/v2\/media?parent=123650"}],"wp:term":[{"taxonomy":"category","embeddable":true,"href":"https:\/\/eldiariodesanpedro.com.ar\/sitio\/wp-json\/wp\/v2\/categories?post=123650"},{"taxonomy":"post_tag","embeddable":true,"href":"https:\/\/eldiariodesanpedro.com.ar\/sitio\/wp-json\/wp\/v2\/tags?post=123650"}],"curies":[{"name":"wp","href":"https:\/\/api.w.org\/{rel}","templated":true}]}}