{"id":123648,"date":"2023-11-07T12:32:41","date_gmt":"2023-11-07T15:32:41","guid":{"rendered":"https:\/\/eldiariodesanpedro.com.ar\/sitio\/?p=123648"},"modified":"2023-11-07T12:32:45","modified_gmt":"2023-11-07T15:32:45","slug":"con-los-niveles-mas-altos-en-los-ultimos-dos-anos-se-realizan-tareas-ante-crecida-del-rio-parana","status":"publish","type":"post","link":"https:\/\/eldiariodesanpedro.com.ar\/sitio\/con-los-niveles-mas-altos-en-los-ultimos-dos-anos-se-realizan-tareas-ante-crecida-del-rio-parana\/","title":{"rendered":"Con los niveles mas altos en los \u00faltimos dos a\u00f1os se realizan tareas ante crecida del R\u00edo Paran\u00e1"},"content":{"rendered":"<!-- VideographyWP Plugin Message: Automatic video embedding prevented by plugin options. -->\n\n<p>Las Direcciones de Defensa Civil de San Pedro y Baradero est\u00e1n coordinando operativos en preparaci\u00f3n para una posible intervenci\u00f3n en la zona de islas debido a la crecida del Paran\u00e1. El pasado viernes, el r\u00edo alcanz\u00f3 su nivel m\u00e1s alto en un a\u00f1o.<\/p>\n\n\n\n<p>Defensa Civil ha convocado a una reuni\u00f3n de emergencia del comit\u00e9 de emergencias para abordar la necesidad de evacuar a las familias que viven en la zona de islas. Se proyecta que, a finales de noviembre, el r\u00edo Paran\u00e1 alcance o supere los 3,6 metros, lo que requerir\u00eda que las familias abandonen sus hogares y se trasladen al continente.<\/p>\n\n\n\n<p>El Secretario de Gobierno, Mart\u00edn Baraybar, confirm\u00f3 que Defensa Civil ya est\u00e1 en alerta y ha brindado asistencia en las islas, aunque no ha sido necesario evacuar a las personas hasta ahora. Tambi\u00e9n destac\u00f3 la colaboraci\u00f3n con Defensa Civil de Baradero y la comunicaci\u00f3n continua con los residentes de la zona de islas.<\/p>\n\n\n\n<p>El funcionario advirti\u00f3 que se espera un crecimiento en el nivel del r\u00edo en el pr\u00f3ximo mes, lo que complica la situaci\u00f3n de los residentes de las islas. La semana pasada, el consorcio del Puerto permiti\u00f3 el desembarco del ganado que los productores hab\u00edan trasladado desde la zona de islas debido a la advertencia de la crecida.<\/p>\n\n\n\n<p>El r\u00edo Paran\u00e1 alcanz\u00f3 los 2,22 metros el viernes, siendo la altura m\u00e1s alta registrada en casi dos a\u00f1os seg\u00fan los registros p\u00fablicos de la Prefectura Naval. Este lunes, el nivel hab\u00eda descendido ligeramente a 1,9 metros. El registro m\u00e1s bajo del a\u00f1o ocurri\u00f3 el 11 de enero, cuando lleg\u00f3 a solo 2 cent\u00edmetros.<\/p>\n","protected":false},"excerpt":{"rendered":"<p>Las Direcciones de Defensa Civil de San Pedro y Baradero est\u00e1n coordinando operativos en preparaci\u00f3n para una posible intervenci\u00f3n en la zona de islas debido a la crecida del Paran\u00e1. El pasado viernes, el r\u00edo alcanz\u00f3 su nivel m\u00e1s alto en un a\u00f1o. Defensa Civil ha convocado a una reuni\u00f3n de emergencia del comit\u00e9 de [&hellip;]<\/p>\n","protected":false},"author":4,"featured_media":2082,"comment_status":"closed","ping_status":"closed","sticky":false,"template":"","format":"standard","meta":{"om_disable_all_campaigns":false,"_jetpack_memberships_contains_paid_content":false,"footnotes":""},"categories":[50,101,2],"tags":[197,696,33,19],"class_list":["post-123648","post","type-post","status-publish","format-standard","has-post-thumbnail","hentry","category-destacadas","category-interes-general-locales","category-locales","tag-buenos-aires","tag-interes-general","tag-locales","tag-san-pedro"],"aioseo_notices":[],"gutentor_comment":0,"jetpack_featured_media_url":"https:\/\/eldiariodesanpedro.com.ar\/sitio\/wp-content\/uploads\/2016\/02\/inundaciones-santa-fe.jpg","jetpack_shortlink":"https:\/\/wp.me\/p6RhLt-wak","jetpack_sharing_enabled":true,"_links":{"self":[{"href":"https:\/\/eldiariodesanpedro.com.ar\/sitio\/wp-json\/wp\/v2\/posts\/123648","targetHints":{"allow":["GET"]}}],"collection":[{"href":"https:\/\/eldiariodesanpedro.com.ar\/sitio\/wp-json\/wp\/v2\/posts"}],"about":[{"href":"https:\/\/eldiariodesanpedro.com.ar\/sitio\/wp-json\/wp\/v2\/types\/post"}],"author":[{"embeddable":true,"href":"https:\/\/eldiariodesanpedro.com.ar\/sitio\/wp-json\/wp\/v2\/users\/4"}],"replies":[{"embeddable":true,"href":"https:\/\/eldiariodesanpedro.com.ar\/sitio\/wp-json\/wp\/v2\/comments?post=123648"}],"version-history":[{"count":1,"href":"https:\/\/eldiariodesanpedro.com.ar\/sitio\/wp-json\/wp\/v2\/posts\/123648\/revisions"}],"predecessor-version":[{"id":123649,"href":"https:\/\/eldiariodesanpedro.com.ar\/sitio\/wp-json\/wp\/v2\/posts\/123648\/revisions\/123649"}],"wp:featuredmedia":[{"embeddable":true,"href":"https:\/\/eldiariodesanpedro.com.ar\/sitio\/wp-json\/wp\/v2\/media\/2082"}],"wp:attachment":[{"href":"https:\/\/eldiariodesanpedro.com.ar\/sitio\/wp-json\/wp\/v2\/media?parent=123648"}],"wp:term":[{"taxonomy":"category","embeddable":true,"href":"https:\/\/eldiariodesanpedro.com.ar\/sitio\/wp-json\/wp\/v2\/categories?post=123648"},{"taxonomy":"post_tag","embeddable":true,"href":"https:\/\/eldiariodesanpedro.com.ar\/sitio\/wp-json\/wp\/v2\/tags?post=123648"}],"curies":[{"name":"wp","href":"https:\/\/api.w.org\/{rel}","templated":true}]}}