{"id":123630,"date":"2023-11-06T14:01:43","date_gmt":"2023-11-06T17:01:43","guid":{"rendered":"https:\/\/eldiariodesanpedro.com.ar\/sitio\/?p=123630"},"modified":"2023-11-06T14:01:45","modified_gmt":"2023-11-06T17:01:45","slug":"tres-mujeres-y-un-policia-resultaron-heridos-en-una-reyerta","status":"publish","type":"post","link":"https:\/\/eldiariodesanpedro.com.ar\/sitio\/tres-mujeres-y-un-policia-resultaron-heridos-en-una-reyerta\/","title":{"rendered":"Tres mujeres y un polic\u00eda, resultaron heridos en una reyerta"},"content":{"rendered":"<!-- VideographyWP Plugin Message: Automatic video embedding prevented by plugin options. -->\n\n<p>El 6 de noviembre de 2023, la polic\u00eda fue alertada por un conflicto vecinal en la calle Sargento Selada. Mientras los uniformados intentaban separar a las partes, una mujer golpe\u00f3 a uno de los efectivos con un objeto, caus\u00e1ndole una herida cortante en el rostro y una herida corto punzante en la sien. Ambas heridas son de car\u00e1cter leve y no representan riesgo de vida. Durante el conflicto vecinal, una mujer de 60 a\u00f1os result\u00f3 lesionada con un golpe en la cabeza y en la zona costal, tambi\u00e9n sin riesgo de vida.<\/p>\n\n\n\n<p>La polic\u00eda tom\u00f3 conocimiento de la situaci\u00f3n a trav\u00e9s de un llamado a la dependencia, informando que dos mujeres hab\u00edan resultado heridas en la reyerta. Una de ellas, de 37 a\u00f1os, presentaba una herida de perdigones en la zona occipital frontal, mientras que la otra, de 32 a\u00f1os, ten\u00eda una herida punzo cortante en la zona tor\u00e1cica.<\/p>\n","protected":false},"excerpt":{"rendered":"<p>El 6 de noviembre de 2023, la polic\u00eda fue alertada por un conflicto vecinal en la calle Sargento Selada. Mientras los uniformados intentaban separar a las partes, una mujer golpe\u00f3 a uno de los efectivos con un objeto, caus\u00e1ndole una herida cortante en el rostro y una herida corto punzante en la sien. Ambas heridas [&hellip;]<\/p>\n","protected":false},"author":4,"featured_media":81053,"comment_status":"closed","ping_status":"closed","sticky":false,"template":"","format":"standard","meta":{"om_disable_all_campaigns":false,"_jetpack_memberships_contains_paid_content":false,"footnotes":""},"categories":[2,103],"tags":[197,33,95,19],"class_list":["post-123630","post","type-post","status-publish","format-standard","has-post-thumbnail","hentry","category-locales","category-policiales-locales","tag-buenos-aires","tag-locales","tag-policiales","tag-san-pedro"],"aioseo_notices":[],"gutentor_comment":0,"jetpack_featured_media_url":"https:\/\/eldiariodesanpedro.com.ar\/sitio\/wp-content\/uploads\/2020\/09\/guardia-940x528-1.jpg","jetpack_shortlink":"https:\/\/wp.me\/p6RhLt-wa2","jetpack_sharing_enabled":true,"_links":{"self":[{"href":"https:\/\/eldiariodesanpedro.com.ar\/sitio\/wp-json\/wp\/v2\/posts\/123630","targetHints":{"allow":["GET"]}}],"collection":[{"href":"https:\/\/eldiariodesanpedro.com.ar\/sitio\/wp-json\/wp\/v2\/posts"}],"about":[{"href":"https:\/\/eldiariodesanpedro.com.ar\/sitio\/wp-json\/wp\/v2\/types\/post"}],"author":[{"embeddable":true,"href":"https:\/\/eldiariodesanpedro.com.ar\/sitio\/wp-json\/wp\/v2\/users\/4"}],"replies":[{"embeddable":true,"href":"https:\/\/eldiariodesanpedro.com.ar\/sitio\/wp-json\/wp\/v2\/comments?post=123630"}],"version-history":[{"count":1,"href":"https:\/\/eldiariodesanpedro.com.ar\/sitio\/wp-json\/wp\/v2\/posts\/123630\/revisions"}],"predecessor-version":[{"id":123631,"href":"https:\/\/eldiariodesanpedro.com.ar\/sitio\/wp-json\/wp\/v2\/posts\/123630\/revisions\/123631"}],"wp:featuredmedia":[{"embeddable":true,"href":"https:\/\/eldiariodesanpedro.com.ar\/sitio\/wp-json\/wp\/v2\/media\/81053"}],"wp:attachment":[{"href":"https:\/\/eldiariodesanpedro.com.ar\/sitio\/wp-json\/wp\/v2\/media?parent=123630"}],"wp:term":[{"taxonomy":"category","embeddable":true,"href":"https:\/\/eldiariodesanpedro.com.ar\/sitio\/wp-json\/wp\/v2\/categories?post=123630"},{"taxonomy":"post_tag","embeddable":true,"href":"https:\/\/eldiariodesanpedro.com.ar\/sitio\/wp-json\/wp\/v2\/tags?post=123630"}],"curies":[{"name":"wp","href":"https:\/\/api.w.org\/{rel}","templated":true}]}}