{"id":12363,"date":"2017-01-06T19:15:11","date_gmt":"2017-01-06T22:15:11","guid":{"rendered":"https:\/\/eldiariodesanpedro.com.ar\/sitio\/?p=12363"},"modified":"2017-01-06T19:15:11","modified_gmt":"2017-01-06T22:15:11","slug":"zarate-tragico-accidente-de-un-vecino-de-lima","status":"publish","type":"post","link":"https:\/\/eldiariodesanpedro.com.ar\/sitio\/zarate-tragico-accidente-de-un-vecino-de-lima\/","title":{"rendered":"Z\u00c1RATE: Tr\u00e1gico accidente de un vecino de Lima"},"content":{"rendered":"<p><!-- VideographyWP Plugin Message: Automatic video embedding prevented by plugin options. --><br \/>\nUn triste y lamentable desenlace tuvo un accidente dom\u00e9stico en horas de la tarde de este mi\u00e9rcoles, en un domicilio de la calle 21 al 100 de Lima.<\/p>\n<p>Un joven de 23 a\u00f1os, identificado como Sergio Nahuel Noris, falleci\u00f3 producto de un shock el\u00e9ctrico. A\u00fan sin confirmar, se maneja la hip\u00f3tesis de que recibi\u00f3 una descarga producto de una puerta que se hab\u00eda electrificado accidentalmente.<\/p>\n<p>Fue asistido y trasladado por el servicio de SemLim, pero nada pudieron hacer los facultativos.<br \/>\n(Enlace Cr\u00edtico).<\/p>\n","protected":false},"excerpt":{"rendered":"<p>Un triste y lamentable desenlace tuvo un accidente dom\u00e9stico en horas de la tarde de este mi\u00e9rcoles, en un domicilio de la calle 21 al 100 de Lima. Un joven de 23 a\u00f1os, identificado como Sergio Nahuel Noris, falleci\u00f3 producto de un shock el\u00e9ctrico. A\u00fan sin confirmar, se maneja la hip\u00f3tesis de que recibi\u00f3 una [&hellip;]<\/p>\n","protected":false},"author":4,"featured_media":12364,"comment_status":"open","ping_status":"closed","sticky":false,"template":"","format":"standard","meta":{"om_disable_all_campaigns":false,"_jetpack_memberships_contains_paid_content":false,"footnotes":""},"categories":[621],"tags":[],"class_list":["post-12363","post","type-post","status-publish","format-standard","has-post-thumbnail","hentry","category-regionales"],"aioseo_notices":[],"gutentor_comment":0,"jetpack_featured_media_url":"https:\/\/eldiariodesanpedro.com.ar\/sitio\/wp-content\/uploads\/2017\/01\/Sergio-Nahuel-Noris.jpg","jetpack_shortlink":"https:\/\/wp.me\/p6RhLt-3dp","jetpack_sharing_enabled":true,"_links":{"self":[{"href":"https:\/\/eldiariodesanpedro.com.ar\/sitio\/wp-json\/wp\/v2\/posts\/12363","targetHints":{"allow":["GET"]}}],"collection":[{"href":"https:\/\/eldiariodesanpedro.com.ar\/sitio\/wp-json\/wp\/v2\/posts"}],"about":[{"href":"https:\/\/eldiariodesanpedro.com.ar\/sitio\/wp-json\/wp\/v2\/types\/post"}],"author":[{"embeddable":true,"href":"https:\/\/eldiariodesanpedro.com.ar\/sitio\/wp-json\/wp\/v2\/users\/4"}],"replies":[{"embeddable":true,"href":"https:\/\/eldiariodesanpedro.com.ar\/sitio\/wp-json\/wp\/v2\/comments?post=12363"}],"version-history":[{"count":1,"href":"https:\/\/eldiariodesanpedro.com.ar\/sitio\/wp-json\/wp\/v2\/posts\/12363\/revisions"}],"predecessor-version":[{"id":12365,"href":"https:\/\/eldiariodesanpedro.com.ar\/sitio\/wp-json\/wp\/v2\/posts\/12363\/revisions\/12365"}],"wp:featuredmedia":[{"embeddable":true,"href":"https:\/\/eldiariodesanpedro.com.ar\/sitio\/wp-json\/wp\/v2\/media\/12364"}],"wp:attachment":[{"href":"https:\/\/eldiariodesanpedro.com.ar\/sitio\/wp-json\/wp\/v2\/media?parent=12363"}],"wp:term":[{"taxonomy":"category","embeddable":true,"href":"https:\/\/eldiariodesanpedro.com.ar\/sitio\/wp-json\/wp\/v2\/categories?post=12363"},{"taxonomy":"post_tag","embeddable":true,"href":"https:\/\/eldiariodesanpedro.com.ar\/sitio\/wp-json\/wp\/v2\/tags?post=12363"}],"curies":[{"name":"wp","href":"https:\/\/api.w.org\/{rel}","templated":true}]}}