{"id":123628,"date":"2023-11-06T13:53:49","date_gmt":"2023-11-06T16:53:49","guid":{"rendered":"https:\/\/eldiariodesanpedro.com.ar\/sitio\/?p=123628"},"modified":"2023-11-06T13:53:51","modified_gmt":"2023-11-06T16:53:51","slug":"campana-de-vacunacion-y-desparasitacion-para-caninos-y-felinos-3","status":"publish","type":"post","link":"https:\/\/eldiariodesanpedro.com.ar\/sitio\/campana-de-vacunacion-y-desparasitacion-para-caninos-y-felinos-3\/","title":{"rendered":"Campa\u00f1a de Vacunaci\u00f3n y desparasitaci\u00f3n para caninos y felinos"},"content":{"rendered":"<!-- VideographyWP Plugin Message: Automatic video embedding prevented by plugin options. -->\n\n<p>La Municipalidad de San Pedro, a trav\u00e9s del Departamento Canino dependiente de la Secretar\u00eda de Salud informa que, continuando con la campa\u00f1a de vacunaci\u00f3n para perros y gatos, el mi\u00e9rcoles 8 de noviembre, entre las 9 y las 12 horas un equipo del \u00e1rea se establecer\u00e1 en la Plaza de la Tradici\u00f3n de Pueblo Doyle.<\/p>\n\n\n\n<p>Se invita a quienes deseen acercar a sus mascotas con collar, correa y bozal en caso de caninos y en bolso o manta los felinos. En caso de mal clima la actividad ser\u00e1 reprogramada.<\/p>\n","protected":false},"excerpt":{"rendered":"<p>La Municipalidad de San Pedro, a trav\u00e9s del Departamento Canino dependiente de la Secretar\u00eda de Salud informa que, continuando con la campa\u00f1a de vacunaci\u00f3n para perros y gatos, el mi\u00e9rcoles 8 de noviembre, entre las 9 y las 12 horas un equipo del \u00e1rea se establecer\u00e1 en la Plaza de la Tradici\u00f3n de Pueblo Doyle. [&hellip;]<\/p>\n","protected":false},"author":4,"featured_media":18617,"comment_status":"closed","ping_status":"closed","sticky":false,"template":"","format":"standard","meta":{"om_disable_all_campaigns":false,"_jetpack_memberships_contains_paid_content":false,"footnotes":""},"categories":[101,2],"tags":[197,4543],"class_list":["post-123628","post","type-post","status-publish","format-standard","has-post-thumbnail","hentry","category-interes-general-locales","category-locales","tag-buenos-aires","tag-campana-de-vacunacion-y-desparasitacion-para-caninos-y-felinos"],"aioseo_notices":[],"gutentor_comment":0,"jetpack_featured_media_url":"https:\/\/eldiariodesanpedro.com.ar\/sitio\/wp-content\/uploads\/2017\/05\/vacunacion-perro.jpg","jetpack_shortlink":"https:\/\/wp.me\/p6RhLt-wa0","jetpack_sharing_enabled":true,"_links":{"self":[{"href":"https:\/\/eldiariodesanpedro.com.ar\/sitio\/wp-json\/wp\/v2\/posts\/123628","targetHints":{"allow":["GET"]}}],"collection":[{"href":"https:\/\/eldiariodesanpedro.com.ar\/sitio\/wp-json\/wp\/v2\/posts"}],"about":[{"href":"https:\/\/eldiariodesanpedro.com.ar\/sitio\/wp-json\/wp\/v2\/types\/post"}],"author":[{"embeddable":true,"href":"https:\/\/eldiariodesanpedro.com.ar\/sitio\/wp-json\/wp\/v2\/users\/4"}],"replies":[{"embeddable":true,"href":"https:\/\/eldiariodesanpedro.com.ar\/sitio\/wp-json\/wp\/v2\/comments?post=123628"}],"version-history":[{"count":1,"href":"https:\/\/eldiariodesanpedro.com.ar\/sitio\/wp-json\/wp\/v2\/posts\/123628\/revisions"}],"predecessor-version":[{"id":123629,"href":"https:\/\/eldiariodesanpedro.com.ar\/sitio\/wp-json\/wp\/v2\/posts\/123628\/revisions\/123629"}],"wp:featuredmedia":[{"embeddable":true,"href":"https:\/\/eldiariodesanpedro.com.ar\/sitio\/wp-json\/wp\/v2\/media\/18617"}],"wp:attachment":[{"href":"https:\/\/eldiariodesanpedro.com.ar\/sitio\/wp-json\/wp\/v2\/media?parent=123628"}],"wp:term":[{"taxonomy":"category","embeddable":true,"href":"https:\/\/eldiariodesanpedro.com.ar\/sitio\/wp-json\/wp\/v2\/categories?post=123628"},{"taxonomy":"post_tag","embeddable":true,"href":"https:\/\/eldiariodesanpedro.com.ar\/sitio\/wp-json\/wp\/v2\/tags?post=123628"}],"curies":[{"name":"wp","href":"https:\/\/api.w.org\/{rel}","templated":true}]}}